{"id":29931,"__str__":"Projeto de Lei n\u00ba 256 de 2022","metadata":{},"numero":256,"ano":2022,"numero_protocolo":7701,"data_apresentacao":"2022-06-21","tipo_apresentacao":"E","data_publicacao":null,"numero_origem_externa":"","ano_origem_externa":2022,"data_origem_externa":null,"apelido":"","dias_prazo":null,"data_fim_prazo":null,"em_tramitacao":false,"polemica":null,"objeto":"","complementar":null,"ementa":"INSTITUI o dia 20 de dezembro como Dia Municipal da Calistenia e d\u00e1 outras provid\u00eancias.","indexacao":"INSTITUI o dia 20 de dezembro como Dia Municipal da Calistenia e d\u00e1 outras provid\u00eancias.","observacao":"Em 24/08/2022, o projeto entrou em pauta para delibera\u00e7\u00e3o, mas n\u00e3o foi deliberado devido \u00e0 aus\u00eancia do autor. Aguarda pr\u00f3xima inclus\u00e3o em pauta.\r\nDELIBERA\u00c7\u00c3O: 05/10/2022. \r\nEm 05/10/2022: Segue para an\u00e1lise e emiss\u00e3o de parecer da 2a. CCJR.\r\nProcuradoria: 07/10/2022 -17/10/2022.  Parecer favor\u00e1vel.\r\n2\u00aa CCJR - Relator: Ver. Mitoso (27/2/2023 a 7/3/2023). Parecer favor\u00e1vel. Aprovado o parecer favor\u00e1vel, pela totalidade dos presentes, na reuni\u00e3o ordin\u00e1ria do dia 5/4/2023.\r\nNo PLEN\u00c1RIO: Na reuni\u00e3o ordin\u00e1ria do dia 21/08/2023, foi aprovado o parecer favor\u00e1vel da 2\u00aa Comiss\u00e3o. Projeto encaminhado \u00e0 17\u00aa Comiss\u00e3o para an\u00e1lise e emiss\u00e3o de parecer.\r\n17\u00aa COMESP: Relator: Ver. Wallace Oliveira (18.09.2023 a 25.09.2023). Foi aprovado o parecer favor\u00e1vel da 17\u00aa COMESP, pela totalidade dos presentes, na reuni\u00e3o extraordin\u00e1ria do dia 13/11/2023.\r\nEm 08/01/2025: Encerrada a 18\u00aa Legislatura, Propositura ARQUIVADA por for\u00e7a do artigo 151 do Regimento Interno da C\u00e2mara, que prev\u00ea, que finda a Legislatura, ser\u00e3o arquivadas todas as proposituras deliberadas e n\u00e3o solucionadas.","resultado":"","texto_original":"http://sapl.cmm.am.gov.br/media/sapl/public/materialegislativa/2022/29931/pl_256_2022_rosivaldo_cordovil_dia_municipal_da_calistenia.pdf","data_ultima_atualizacao":"2025-01-08T12:36:09.628097-04:00","ip":"172.23.5.15","ultima_edicao":"2025-01-08T12:36:00.874892-04:00","tipo":4,"regime_tramitacao":1,"tipo_origem_externa":4,"local_origem_externa":null,"user":182,"anexadas":[],"autores":[47]}