{"id":29668,"__str__":"Projeto de Lei n\u00ba 249 de 2022","metadata":{},"numero":249,"ano":2022,"numero_protocolo":7440,"data_apresentacao":"2022-06-15","tipo_apresentacao":"E","data_publicacao":null,"numero_origem_externa":"","ano_origem_externa":2022,"data_origem_externa":null,"apelido":"","dias_prazo":null,"data_fim_prazo":null,"em_tramitacao":false,"polemica":null,"objeto":"","complementar":null,"ementa":"DETERMINA a realiza\u00e7\u00e3o de estudos e a elabora\u00e7\u00e3o de relat\u00f3rios com propostas de interven\u00e7\u00e3o quanto \u00e0  seguran\u00e7a e melhorias no transporte coletivo da cidade de Manaus e d\u00e1 outras provid\u00eancias.","indexacao":"DETERMINA a realiza\u00e7\u00e3o de estudos e a elabora\u00e7\u00e3o de relat\u00f3rios com propostas de interven\u00e7\u00e3o quanto \u00e0  seguran\u00e7a e melhorias no transporte coletivo da cidade de Manaus e d\u00e1 outras provid\u00eancias.","observacao":"Em 31/01/2023, o autor renunciou ao cargo de Vereador para assumir mandato de Deputado Federal.\r\nPROJETO ARQUIVADO.","resultado":"","texto_original":"http://sapl.cmm.am.gov.br/media/sapl/public/materialegislativa/2022/29668/pl_249_2022_amom_mandel_determina_a_realizacao_de_estudos_e_relatorio.pdf","data_ultima_atualizacao":"2023-07-20T09:30:01.270199-04:00","ip":"172.17.0.1","ultima_edicao":"2023-07-20T09:24:27.340355-04:00","tipo":4,"regime_tramitacao":1,"tipo_origem_externa":4,"local_origem_externa":null,"user":13,"anexadas":[],"autores":[134]}