{"id":29220,"__str__":"Projeto de Lei n\u00ba 223 de 2022","metadata":{},"numero":223,"ano":2022,"numero_protocolo":7002,"data_apresentacao":"2022-06-06","tipo_apresentacao":"E","data_publicacao":null,"numero_origem_externa":"","ano_origem_externa":2022,"data_origem_externa":null,"apelido":"","dias_prazo":null,"data_fim_prazo":null,"em_tramitacao":false,"polemica":null,"objeto":"","complementar":null,"ementa":"Disp\u00f5e sobre a coloca\u00e7\u00e3o de placas de identifica\u00e7\u00e3o dos bairros na cidade de Manaus.","indexacao":"Disp\u00f5e sobre a coloca\u00e7\u00e3o de placas de identifica\u00e7\u00e3o dos bairros na cidade de Manaus.","observacao":"Em 04/07/2022: Projeto entrou na pauta, mas n\u00e3o foi deliberado devido \u00e0 aus\u00eancia do autor.\r\nDELIBERA\u00c7\u00c3O: 06/07/2022. \r\nEm 06/07/2022: Segue para an\u00e1lise e emiss\u00e3o de parecer da 2a. CCJR.\r\nProcuradoria Legislativa: (08/07/2022 - 15/07/2022). Parecer contr\u00e1rio.\r\n2\u00aa CCJR-RELATOR: Ver. Eduardo Assis (12/07/2022- 03/08/2022). Parecer contr\u00e1rio. Aprovado o parecer contr\u00e1rio, pela totalidade dos presentes, na reuni\u00e3o ordin\u00e1ria do dia 26/4/2023.\r\nPara leitura do despacho de arquivamento em Plen\u00e1rio.\r\nNo PLEN\u00c1RIO: Na reuni\u00e3o ordin\u00e1ria do dia 05/07/2023, foi feita a leitura do despacho do Presidente da C\u00e2mara determinando o arquivamento da mat\u00e9ria, conforme par\u00e1grafo 1\u00ba do art. 38, do Regimento Interno, por ter recebido parecer CONTR\u00c1RIO da 2a. Comiss\u00e3o. Aberto o prazo regimental de 5 dias \u00fateis para recurso. Prazo: 05/07/2023 a 11/07/2023.\r\nEm 12/07/2023: Decorrido o prazo do parag. 1\u00ba do art. 38 do Regimento Interno. \r\nProposi\u00e7\u00e3o ARQUIVADA.","resultado":"","texto_original":"http://sapl.cmm.am.gov.br/media/sapl/public/materialegislativa/2022/29220/pl_223_2022_dione_carvalho_placas_de_ruas_.pdf","data_ultima_atualizacao":"2023-07-19T10:15:20.475225-04:00","ip":"172.17.0.1","ultima_edicao":"2023-07-19T10:14:56.732303-04:00","tipo":4,"regime_tramitacao":1,"tipo_origem_externa":4,"local_origem_externa":null,"user":90,"anexadas":[],"autores":[137]}