{"id":29043,"__str__":"Projeto de Lei n\u00ba 213 de 2022","metadata":{},"numero":213,"ano":2022,"numero_protocolo":null,"data_apresentacao":"2022-06-03","tipo_apresentacao":"E","data_publicacao":null,"numero_origem_externa":"213","ano_origem_externa":2022,"data_origem_externa":"2022-06-03","apelido":"","dias_prazo":null,"data_fim_prazo":null,"em_tramitacao":false,"polemica":null,"objeto":"","complementar":null,"ementa":"ALTERA a Lei n. 452, de 26 de novembro de 1998, e d\u00e1 outras provid\u00eancias. [Escola Municipal Prof.\u00aa Maria Jos\u00e9 Nunes da Luz]","indexacao":"","observacao":"DELIBERA\u00c7\u00c3O: 06/06/2022. \r\nEm 06/06/2022: Segue para an\u00e1lise e emiss\u00e3o de parecer da 2a. CCJR.\r\nProcuradoria: 07/06/2022-12/06/2022. Parecer favor\u00e1vel\r\n2\u00aa CCJR: Relator: Ver. Marcelo Serafim - Aprovado o parecer favor\u00e1vel pela totalidade dos presentes, na reuni\u00e3o presencial do dia 07/06/2022.\r\n3\u00aa CFEO - Relator: Ver. Lissandro Breval (08/06/2022 - 20/06/2022). Parecer Favor\u00e1vel - Aprovado o parecer favor\u00e1vel pela totalidade dos presentes, \u00e0 reuni\u00e3o do dia 08/06/2022.\r\nNo PLEN\u00c1RIO: Na reuni\u00e3o ordin\u00e1ria do dia 08/06/2022, foram aprovados o parecer favor\u00e1vel da 2\u00aa Comiss\u00e3o. Projeto aprovado em 1a. discuss\u00e3o. Aguardando 2a. discuss\u00e3o na forma da lei.\r\nOBS. Em 09/06/2022, foi observada a aus\u00eancia da vota\u00e7\u00e3o do parecer da 3a. Comiss\u00e3o. Projeto segue para corre\u00e7\u00e3o de v\u00edcio formal, com base nas S\u00famulas 346 e 473 do Supremo Tribunal Federal e no art. 37 da CF/88, que garantem \u00e0 Administra\u00e7\u00e3o P\u00fablica o poder-dever de corrigir e anular seus pr\u00f3prios atos, quando apresentarem erros e v\u00edcios. Segue para aprova\u00e7\u00e3o do parecer da 3a. Comiss\u00e3o e 1a. discuss\u00e3o novamente na pr\u00f3xima pauta.\r\nNo PLEN\u00c1RIO: Na reuni\u00e3o ordin\u00e1ria do dia 13/06/2022, foi aprovado o parecer da 3a. Comiss\u00e3o. O projeto aprovado em 1\u00aa. discuss\u00e3o. Aguardando 2a. discuss\u00e3o na forma da lei.\r\nNo PLEN\u00c1RIO: Na reuni\u00e3o ordin\u00e1ria do dia 14/06/2022, o projeto foi APROVADO em 2\u00aa. discuss\u00e3o. Segue \u00e0 SAN\u00c7\u00c3O do senhor Prefeito.","resultado":"","texto_original":"http://sapl.cmm.am.gov.br/media/sapl/public/materialegislativa/2022/29043/pl_213_2022_mens.36_escola_maria_jose_nunes_da_luz.pdf","data_ultima_atualizacao":"2024-06-11T11:19:44.715828-04:00","ip":"172.23.5.67","ultima_edicao":"2022-06-15T09:17:43.542596-04:00","tipo":4,"regime_tramitacao":1,"tipo_origem_externa":4,"local_origem_externa":1,"user":13,"anexadas":[],"autores":[106]}