{"id":27486,"__str__":"Projeto de Lei n\u00ba 168 de 2022","metadata":{},"numero":168,"ano":2022,"numero_protocolo":null,"data_apresentacao":"2022-05-13","tipo_apresentacao":"E","data_publicacao":null,"numero_origem_externa":"168","ano_origem_externa":2022,"data_origem_externa":"2022-05-13","apelido":"","dias_prazo":null,"data_fim_prazo":null,"em_tramitacao":false,"polemica":null,"objeto":"","complementar":null,"ementa":"FIXA o \u00edndice de reajuste do pessoal contratado nos termos da Lei Municipal n\u00ba 1.425, de 26 de mar\u00e7o de 2010, com altera\u00e7\u00e3o dada pela Lei n\u00ba 2.534, de 13 de novembro de 2019, bem como dos contratados sob o regime da Consolida\u00e7\u00e3o das Leis do Trabalho (CLT), e d\u00e1 outras provid\u00eancias.","indexacao":"","observacao":"DELIBERA\u00c7\u00c3O: 16/05/2022. Aprovado o pedido de tramita\u00e7\u00e3o em REGIME DE URG\u00caNCIA.\r\nEm 16/05/2022: Segue para an\u00e1lise e emiss\u00e3o de parecer da 2a. CCJR.\r\nProcuradoria:  (16.05.22/17.05.22). Parecer favor\u00e1vel\r\n2\u00aa CCJR-RELATOR: Ver. Marcelo Serafim (16/05/2022-17/05/2022).  Aprovado o parecer favor\u00e1vel pela totalidade dos presentes, \u00e0 reuni\u00e3o do dia 16/05/2022.\r\n3\u00aa CFEO - Relator: Ver. Lissandro Breval  (16.05.22/17.05.22)- Parecer Favor\u00e1vel - Aprovado o parecer favor\u00e1vel pela totalidade dos presentes, \u00e0 reuni\u00e3o do dia 16/05/2022.\r\n7\u00aa COMSOP - Relator: Ver. Wanderley Monteiro (16.05.22/17.05.22) - Parecer Favor\u00e1vel - Aprovado o parecer favor\u00e1vel pela totalidade dos presentes, \u00e0 reuni\u00e3o do dia 16/05/2022.\r\nNo PLEN\u00c1RIO: Na reuni\u00e3o ordin\u00e1ria do dia 16/05/2022, foram aprovados os pareceres da 2a., 3a. e 7a. Comiss\u00f5es. O projeto foi APROVADO em Discuss\u00e3o \u00danica. Segue \u00e0 SAN\u00c7\u00c3O do senhor Prefeito.","resultado":"","texto_original":"http://sapl.cmm.am.gov.br/media/sapl/public/materialegislativa/2022/27486/pl_168_2022_-_mens.29_2022_fixa_reajuste_pessoal_contratado_lei_1425_2010.pdf","data_ultima_atualizacao":"2024-06-10T14:01:06.626633-04:00","ip":"172.23.5.67","ultima_edicao":"2022-05-16T14:41:15.326372-04:00","tipo":4,"regime_tramitacao":2,"tipo_origem_externa":4,"local_origem_externa":1,"user":13,"anexadas":[],"autores":[106]}