{"id":26407,"__str__":"Projeto de Lei n\u00ba 144 de 2022","metadata":{},"numero":144,"ano":2022,"numero_protocolo":4226,"data_apresentacao":"2022-04-26","tipo_apresentacao":"E","data_publicacao":null,"numero_origem_externa":"","ano_origem_externa":2022,"data_origem_externa":null,"apelido":"","dias_prazo":null,"data_fim_prazo":null,"em_tramitacao":false,"polemica":null,"objeto":"","complementar":null,"ementa":"DISP\u00d5E sobre a cria\u00e7\u00e3o de um cadastro unificado de organiza\u00e7\u00f5es da sociedade civil (OSCs) que prestam servi\u00e7os assistenciais voltados a pessoas de baixa renda e vulnerabilidade social no s\u00edtio eletr\u00f4nico da Prefeitura Municipal de Manaus e d\u00e1 outras provid\u00eancias.","indexacao":"DISP\u00d5E sobre a cria\u00e7\u00e3o de um cadastro unificado de organiza\u00e7\u00f5es da sociedade civil (OSCs) que prestam servi\u00e7os assistenciais voltados a pessoas de baixa renda e vulnerabilidade social no s\u00edtio eletr\u00f4nico da Prefeitura Municipal de Manaus e d\u00e1 outras provid\u00eancias.","observacao":"Em 30/05/2022: Projeto entrou na pauta, mas n\u00e3o foi deliberado devido \u00e0 aus\u00eancia do autor. Aguarda a pr\u00f3xima pauta.\r\nDELIBERA\u00c7\u00c3O: 01/06/2022. \r\nEm 01/06/2022: Segue para an\u00e1lise e emiss\u00e3o de parecer da 2a. CCJR.\r\nProcuradoria: 06/06/2022 - 10/06/2022. Parecer favor\u00e1vel.\r\n2\u00aa CCJR: Relator: Ver. Dr. Eduardo Assis (27/06/2022 - 05/07/2022). Parecer favor\u00e1vel. Aprovado o parecer favor\u00e1vel, pela totalidade dos presentes, na reuni\u00e3o ordin\u00e1ria do dia 5/4/2023.\r\nNo PLEN\u00c1RIO: Na reuni\u00e3o ordin\u00e1ria do dia 09/10/2023, foi aprovado o parecer favor\u00e1vel da 2\u00aa Comiss\u00e3o. Projeto encaminhado \u00e0 3\u00aa Comiss\u00e3o para an\u00e1lise e emiss\u00e3o de parecer.\r\nMat\u00e9ria retirada de tramita\u00e7\u00e3o pelo autor, por meio do memorando n\u00ba073/22.\r\nMat\u00e9ria Arquivada.","resultado":"","texto_original":"http://sapl.cmm.am.gov.br/media/sapl/public/materialegislativa/2022/26407/pl_144_2022_allan_campelo_osc_.pdf","data_ultima_atualizacao":"2023-10-16T11:19:29.874026-04:00","ip":"172.17.0.1","ultima_edicao":"2023-10-16T11:04:03.002218-04:00","tipo":4,"regime_tramitacao":1,"tipo_origem_externa":4,"local_origem_externa":null,"user":96,"anexadas":[],"autores":[133]}