{"id":26399,"__str__":"Projeto de Lei n\u00ba 141 de 2022","metadata":{},"numero":141,"ano":2022,"numero_protocolo":4218,"data_apresentacao":"2022-04-26","tipo_apresentacao":"E","data_publicacao":null,"numero_origem_externa":"","ano_origem_externa":2022,"data_origem_externa":null,"apelido":"","dias_prazo":null,"data_fim_prazo":null,"em_tramitacao":false,"polemica":null,"objeto":"","complementar":null,"ementa":"CRIA o Programa de Amparo \u00e0 Popula\u00e7\u00e3o em Situa\u00e7\u00e3o de Rua no munic\u00edpio de Manaus e d\u00e1 outras provid\u00eancias.","indexacao":"CRIA o Programa de Amparo \u00e0 Popula\u00e7\u00e3o em Situa\u00e7\u00e3o de Rua no munic\u00edpio de Manaus e d\u00e1 outras provid\u00eancias.","observacao":"DELIBERA\u00c7\u00c3O: 01/08/2022. \r\nEm 01/08/2022: Segue para an\u00e1lise e emiss\u00e3o de parecer da 2a. CCJR.\r\nProcuradoria Legislativa: 03/08/2022 - 10/08/2022\r\n2\u00aa CCJR-RELATOR: Ver. Eduardo Assis (25/10/2022-07/11/2022).\r\nEm 24/04/2023: Propositura arquivada. Vereador Amom Mandel, autor da propositura, renunciou ao cargo de vereador no dia 26/01/2023 para assumir o mandato de deputado federal.\r\nProposi\u00e7\u00e3o Arquivada.","resultado":"","texto_original":"http://sapl.cmm.am.gov.br/media/sapl/public/materialegislativa/2022/26399/pl_141_2022_amom_mandel_programa_de_amparo_a_pessoas_em_situacao_de_rua___.pdf","data_ultima_atualizacao":"2023-04-24T13:27:24.729478-04:00","ip":"172.17.0.1","ultima_edicao":"2023-04-24T13:26:49.698277-04:00","tipo":4,"regime_tramitacao":1,"tipo_origem_externa":4,"local_origem_externa":null,"user":101,"anexadas":[],"autores":[134]}