{"id":25704,"__str__":"Projeto de Decreto Legislativo n\u00ba 12 de 2022","metadata":{},"numero":12,"ano":2022,"numero_protocolo":3526,"data_apresentacao":"2022-04-11","tipo_apresentacao":"E","data_publicacao":null,"numero_origem_externa":"","ano_origem_externa":2022,"data_origem_externa":null,"apelido":"","dias_prazo":null,"data_fim_prazo":null,"em_tramitacao":true,"polemica":null,"objeto":"","complementar":null,"ementa":"CONCEDE o Diploma de Cidad\u00e3 de Manaus \u00e0 senhora Karem L\u00facia Corr\u00eaa da Silva e d\u00e1 outras provid\u00eancias.","indexacao":"CONCEDE o Diploma de Cidad\u00e3 de Manaus \u00e0 senhora Karem L\u00facia Corr\u00eaa da Silva e d\u00e1 outras provid\u00eancias.","observacao":"DELIBERA\u00c7\u00c3O: 11/05/2022. \r\nEm 11/05/2022: Segue para an\u00e1lise e emiss\u00e3o de parecer da Comiss\u00e3o Especial de Comendas.\r\nCOMENDAS. Relator: Ver. Caio Andr\u00e9 (23/05/2022-30/05/2022). Aprovado o parecer favor\u00e1vel por totalidade dos presentes, na reuni\u00e3o do dia 31.05.2022\r\nNo PLEN\u00c1RIO: Na reuni\u00e3o ordin\u00e1ria do dia 08/06/2022, foi aprovado o parecer favor\u00e1vel da Comiss\u00e3o Especial de Comendas. Projeto aprovado em Discuss\u00e3o \u00danica e PROMULGADO.","resultado":"","texto_original":"http://sapl.cmm.am.gov.br/media/sapl/public/materialegislativa/2022/25704/pdl_012_2022_profa._jacqueline_diploma_karem_correa_.pdf","data_ultima_atualizacao":"2023-06-28T11:35:38.386107-04:00","ip":"172.23.5.67","ultima_edicao":"2022-06-09T15:46:53.700291-04:00","tipo":7,"regime_tramitacao":1,"tipo_origem_externa":7,"local_origem_externa":null,"user":13,"anexadas":[],"autores":[31]}