{"id":25697,"__str__":"Projeto de Lei n\u00ba 103 de 2022","metadata":{},"numero":103,"ano":2022,"numero_protocolo":3519,"data_apresentacao":"2022-04-11","tipo_apresentacao":"E","data_publicacao":null,"numero_origem_externa":"","ano_origem_externa":2022,"data_origem_externa":null,"apelido":"","dias_prazo":null,"data_fim_prazo":null,"em_tramitacao":false,"polemica":null,"objeto":"","complementar":null,"ementa":"Disp\u00f5e sobre o controle de ru\u00eddos, sons e vibra\u00e7\u00f5es no munic\u00edpio de Manaus, e d\u00e1 outras provid\u00eancias.","indexacao":"Disp\u00f5e sobre o controle de ru\u00eddos, sons e vibra\u00e7\u00f5es no munic\u00edpio de Manaus, e d\u00e1 outras provid\u00eancias.","observacao":"DELIBERA\u00c7\u00c3O: 18/05/2022. \r\nEm 18/05/2022: Segue para an\u00e1lise e emiss\u00e3o de parecer da 2a. CCJR.\r\nProcuradoria Legislativa: 23/05/2022 - 30/05/2022\r\n2\u00aa CCJR-RELATOR: Ver. Jacqueline (26/05/2022-06/05/2022).\r\nEm 24/04/2023: Propositura arquivada. Vereador Amom Mandel, autor da propositura, renunciou ao cargo de vereador no dia 26/01/2023 para assumir o mandato de deputado federal.\r\nProposi\u00e7\u00e3o Arquivada.","resultado":"","texto_original":"http://sapl.cmm.am.gov.br/media/sapl/public/materialegislativa/2022/25697/pl_103_2022_amom_mandel_controle_de_ruidos_sons_e_vibracoes.pdf","data_ultima_atualizacao":"2023-04-24T13:34:54.986014-04:00","ip":"172.17.0.1","ultima_edicao":"2023-04-24T13:34:05.440724-04:00","tipo":4,"regime_tramitacao":1,"tipo_origem_externa":4,"local_origem_externa":null,"user":101,"anexadas":[],"autores":[134]}