{"id":25693,"__str__":"Projeto de Lei n\u00ba 100 de 2022","metadata":{},"numero":100,"ano":2022,"numero_protocolo":3515,"data_apresentacao":"2022-04-11","tipo_apresentacao":"E","data_publicacao":null,"numero_origem_externa":"","ano_origem_externa":2022,"data_origem_externa":null,"apelido":"","dias_prazo":null,"data_fim_prazo":null,"em_tramitacao":true,"polemica":null,"objeto":"","complementar":null,"ementa":"INSTITUI, no Calend\u00e1rio Oficial da Cidade de Manaus, o Dia Municipal da Jovem Advocacia, a ser comemorado no dia 3 de fevereiro.","indexacao":"INSTITUI, no Calend\u00e1rio Oficial da Cidade de Manaus, o Dia Municipal da Jovem Advocacia, a ser comemorado no dia 3 de fevereiro.","observacao":"DELIBERA\u00c7\u00c3O: 11/05/2022. \r\nEm 11/05/2022: Segue para an\u00e1lise e emiss\u00e3o de parecer da 2a. CCJR.\r\nProcuradoria Legislativa: 17.05.2022 - 24.05.2022. Parecer favor\u00e1vel.\r\n2\u00aa CCJR: Relator: Ver. Joelson Silva (23/05/2022 - 31/05/2022). Parecer favor\u00e1vel. Aprovado o parecer favor\u00e1vel, pela totalidade dos presentes, na reuni\u00e3o do dia 15/3/2023.\r\nNo PLEN\u00c1RIO: Na reuni\u00e3o ordin\u00e1ria do dia 29/03/2023, foi aprovado o parecer favor\u00e1vel da 2\u00aa Comiss\u00e3o. Projeto encaminhado \u00e0 3\u00aa Comiss\u00e3o para an\u00e1lise e emiss\u00e3o de parecer.\r\n3\u00aa CFEO: Relator - Ver. Rosinaldo Bual (10.04.23 a 18.04.23). Aprovado o parecer favor\u00e1vel por unanimidade dos membros da CFEO na 6\u00aa reuni\u00e3o ordin\u00e1ria realizada no dia 24 de abril de 2023.\r\nNo PLEN\u00c1RIO: Na reuni\u00e3o ordin\u00e1ria do dia 24/05/2023, o projeto entrou em pauta para aprova\u00e7\u00e3o do parecer favor\u00e1vel da 3\u00aa Comiss\u00e3o e 1a. discuss\u00e3o, mas n\u00e3o foi apreciado devido \u00e0 aus\u00eancia do autor. Aguarda pr\u00f3xima inclus\u00e3o em pauta.\r\nNo PLEN\u00c1RIO: Na reuni\u00e3o ordin\u00e1ria do dia 29/05/2023, foi aprovado o parecer favor\u00e1vel da 3\u00aa Comiss\u00e3o. Projeto aprovado em 1a. discuss\u00e3o. Aguardando 2a. discuss\u00e3o na forma da lei.\r\nNo PLEN\u00c1RIO: Na reuni\u00e3o ordin\u00e1ria do dia 05/06/2023, o projeto entrou em pauta para aprova\u00e7\u00e3o em 2a. discuss\u00e3o, mas n\u00e3o foi apreciado devido \u00e0 aus\u00eancia do autor. Aguarda pr\u00f3xima inclus\u00e3o em pauta.\r\nNo PLEN\u00c1RIO: Na reuni\u00e3o ordin\u00e1ria do dia 07/06/2023, o projeto foi APROVADO em 2\u00aa. discuss\u00e3o. Segue \u00e0 SAN\u00c7\u00c3O do senhor Prefeito.","resultado":"","texto_original":"http://sapl.cmm.am.gov.br/media/sapl/public/materialegislativa/2022/25693/pl_100_eduardo_assis_dia_municipal_da_jovem_advocacia.pdf","data_ultima_atualizacao":"2024-06-05T09:42:43.385280-04:00","ip":"172.17.0.1","ultima_edicao":"2023-06-07T15:37:54.137814-04:00","tipo":4,"regime_tramitacao":1,"tipo_origem_externa":4,"local_origem_externa":null,"user":13,"anexadas":[],"autores":[5,147,23,27,135,154]}