{"id":25691,"__str__":"Projeto de Lei n\u00ba 98 de 2022","metadata":{},"numero":98,"ano":2022,"numero_protocolo":3513,"data_apresentacao":"2022-04-11","tipo_apresentacao":"E","data_publicacao":null,"numero_origem_externa":"","ano_origem_externa":2022,"data_origem_externa":null,"apelido":"","dias_prazo":null,"data_fim_prazo":null,"em_tramitacao":false,"polemica":null,"objeto":"","complementar":null,"ementa":"INSTITUI o dia 9 de julho como o Dia Municipal dos Colecionadores, Atiradores, Ca\u00e7adores (CACs).","indexacao":"INSTITUI o dia 9 de julho como o Dia Municipal dos Colecionadores, Atiradores, Ca\u00e7adores (CACs).","observacao":"DELIBERA\u00c7\u00c3O: 18/04/2022. \r\nEm 18/04/2022: Segue para an\u00e1lise e emiss\u00e3o de parecer da 2a. CCJR.\r\nProcuradoria: 20/04/2022 - 28/04/2022. Parecer favor\u00e1vel.\r\n2\u00aa CCJR: Relator: Ver. Marcelo Serafim (27/04/2022 - 04/05/2022). Parecer favor\u00e1vel. Aprovado o parecer favor\u00e1vel, pela totalidade dos presentes, na reuni\u00e3o do dia 15/3/2023.\r\nNo PLEN\u00c1RIO: Na reuni\u00e3o ordin\u00e1ria do dia 21/08/2023, foi aprovado o parecer favor\u00e1vel da 2\u00aa Comiss\u00e3o. Projeto aprovado em 1a. discuss\u00e3o. Aguardando 2a. discuss\u00e3o na forma da lei.\r\nNo PLEN\u00c1RIO: Na reuni\u00e3o ordin\u00e1ria do dia 23/08/2023, o projeto foi APROVADO em 2\u00aa. discuss\u00e3o. Segue \u00e0 SAN\u00c7\u00c3O do senhor Prefeito.","resultado":"","texto_original":"http://sapl.cmm.am.gov.br/media/sapl/public/materialegislativa/2022/25691/pl_098_2022_eduardo_assis_dia_municipal_dos_colecionadores_atiradores_cacadores_cacs.pdf","data_ultima_atualizacao":"2024-06-06T10:09:41.120608-04:00","ip":"172.17.0.1","ultima_edicao":"2023-08-23T14:10:00.978586-04:00","tipo":4,"regime_tramitacao":1,"tipo_origem_externa":4,"local_origem_externa":null,"user":13,"anexadas":[],"autores":[147,49,31,149,46]}