{"id":25608,"__str__":"Projeto de Lei n\u00ba 94 de 2022","metadata":{},"numero":94,"ano":2022,"numero_protocolo":3430,"data_apresentacao":"2022-04-08","tipo_apresentacao":"E","data_publicacao":null,"numero_origem_externa":"","ano_origem_externa":2022,"data_origem_externa":null,"apelido":"","dias_prazo":null,"data_fim_prazo":null,"em_tramitacao":false,"polemica":null,"objeto":"","complementar":null,"ementa":"INSTITUI o passe livre para pacientes acometidos de doen\u00e7as inflamat\u00f3rias intestinais no transporte coletivo p\u00fablico na cidade de Manaus e d\u00e1 outras provid\u00eancias.","indexacao":"INSTITUI o passe livre para pacientes acometidos de doen\u00e7as inflamat\u00f3rias intestinais no transporte coletivo p\u00fablico na cidade de Manaus e d\u00e1 outras provid\u00eancias.","observacao":"DELIBERA\u00c7\u00c3O: 09/05/2022. \r\nEm 09/05/2022: Segue para an\u00e1lise e emiss\u00e3o de parecer da 2a. CCJR.\r\nProcuradoria: 10/05/2022 - 17/05/2022\r\n2\u00aa CCJR- Relator: Ver\u00aa Thaysa Lippy 04/07/2022 - 12/07/2022.\r\nEm 24/04/2023: Propositura arquivada. Vereador Amom Mandel, autor da propositura, renunciou ao cargo de vereador no dia 26/01/2023 para assumir o mandato de deputado federal.\r\nProposi\u00e7\u00e3o Arquivada.","resultado":"","texto_original":"http://sapl.cmm.am.gov.br/media/sapl/public/materialegislativa/2022/25608/pl_094_2022_amom_mandel_passe_livre_aos_pacientes_c__doencas_inflamatorias_intestinais_.pdf","data_ultima_atualizacao":"2023-04-24T13:37:50.127519-04:00","ip":"172.17.0.1","ultima_edicao":"2023-04-24T13:36:45.261023-04:00","tipo":4,"regime_tramitacao":1,"tipo_origem_externa":4,"local_origem_externa":null,"user":101,"anexadas":[],"autores":[134]}