{"id":25606,"__str__":"Projeto de Lei n\u00ba 92 de 2022","metadata":{},"numero":92,"ano":2022,"numero_protocolo":3428,"data_apresentacao":"2022-04-08","tipo_apresentacao":"E","data_publicacao":null,"numero_origem_externa":"","ano_origem_externa":2022,"data_origem_externa":null,"apelido":"","dias_prazo":null,"data_fim_prazo":null,"em_tramitacao":false,"polemica":null,"objeto":"","complementar":null,"ementa":"Disp\u00f5e sobre a obrigatoriedade do Poder Executivo Municipal em fazer inserir nos projetos arquitet\u00f4nicos dos \u00f3rg\u00e3os da administra\u00e7\u00e3o p\u00fablica municipal, a instala\u00e7\u00e3o de sistema de coleta de \u00e1gua da chuva.","indexacao":"Disp\u00f5e sobre a obrigatoriedade do Poder Executivo Municipal em fazer inserir nos projetos arquitet\u00f4nicos dos \u00f3rg\u00e3os da administra\u00e7\u00e3o p\u00fablica municipal, a instala\u00e7\u00e3o de sistema de coleta de \u00e1gua da chuva.","observacao":"DELIBERA\u00c7\u00c3O: 02/05/2022. \r\nEm 02/05/2022: Segue para an\u00e1lise e emiss\u00e3o de parecer da 2a. CCJR.\r\nProcuradoria: 03/05/2022 - 11/05/2022\r\n2\u00aa CCJR: Ver. Dr. Eduardo Assis (04/05/2022 - 16/05/2022)\r\nProposi\u00e7\u00e3o arquivada.\r\nEm:07/03/2023: Propositura arquivada. Vereador Amom Mandel, autor da propositura, renunciou ao cargo de vereador no dia 26/01/2023 para assumir o mandato de deputado federal.","resultado":"","texto_original":"http://sapl.cmm.am.gov.br/media/sapl/public/materialegislativa/2022/25606/pl_092_2022_amom_mandel_instalacao_de_sistema_de_coleta_agua_da_chuva.pdf","data_ultima_atualizacao":"2023-07-04T11:29:05.218064-04:00","ip":"172.17.0.1","ultima_edicao":"2023-03-07T08:32:18.997039-04:00","tipo":4,"regime_tramitacao":1,"tipo_origem_externa":4,"local_origem_externa":null,"user":31,"anexadas":[],"autores":[134]}