{"id":25493,"__str__":"Projeto de Lei n\u00ba 87 de 2022","metadata":{},"numero":87,"ano":2022,"numero_protocolo":3315,"data_apresentacao":"2022-04-05","tipo_apresentacao":"E","data_publicacao":null,"numero_origem_externa":"","ano_origem_externa":2022,"data_origem_externa":null,"apelido":"","dias_prazo":null,"data_fim_prazo":null,"em_tramitacao":false,"polemica":null,"objeto":"","complementar":null,"ementa":"DISP\u00d5E sobre a obrigatoriedade de postos revendedores de combust\u00edveis manterem expostas as notas fiscais de compra dos combust\u00edveis adquiridos nas distribuidoras e d\u00e1 outras provid\u00eancias.","indexacao":"DISP\u00d5E sobre a obrigatoriedade de postos revendedores de combust\u00edveis manterem expostas as notas fiscais de compra dos combust\u00edveis adquiridos nas distribuidoras e d\u00e1 outras provid\u00eancias.","observacao":"DELIBERA\u00c7\u00c3O: 23/05/2022. \r\nEm 23/05/2022: Segue para an\u00e1lise e emiss\u00e3o de parecer da 2a. CCJR.\r\nProcuradoria - 24/05/2022 - 31/05/2022. Parecer favor\u00e1vel.\r\n2\u00aa CCJR-RELATOR: Ver. Marcelo Serafim (26/05/2022-06/05/2022). Parecer favor\u00e1vel. Rejeitado o parecer favor\u00e1vel do relator. Aprovado o parecer contr\u00e1rio da comiss\u00e3o, por maioria dos presentes, com voto contr\u00e1rio do vereador Dr. Eduardo Assis, na reuni\u00e3o ordin\u00e1ria do dia 17/5/2023.\r\nEm 06/01/2025: Propositura ARQUIVADA por for\u00e7a do artigo 151 do Regimento Interno da C\u00e2mara.\r\nEncerrada a 18\u00aa Legislatura. Propositura arquivada por for\u00e7a do artigo 151 do Regimento Interno da C\u00e2mara, que prev\u00ea que finda a Legislatura, ser\u00e3o arquivadas todas as proposituras deliberadas e n\u00e3o solucionadas.","resultado":"","texto_original":"http://sapl.cmm.am.gov.br/media/sapl/public/materialegislativa/2022/25493/pl_087_2022_rodrigo_guedes_precos_notas_fiscais_compra.pdf","data_ultima_atualizacao":"2025-05-21T12:09:44.808664-04:00","ip":"172.23.0.191","ultima_edicao":"2025-05-21T12:08:51.905549-04:00","tipo":4,"regime_tramitacao":1,"tipo_origem_externa":4,"local_origem_externa":null,"user":166,"anexadas":[],"autores":[150]}