{"id":25321,"__str__":"Consultar Mo\u00e7\u00f5es dos anos anteriores a 2023 n\u00ba 50 de 2022","metadata":{},"numero":50,"ano":2022,"numero_protocolo":3143,"data_apresentacao":"2022-04-04","tipo_apresentacao":"","data_publicacao":null,"numero_origem_externa":"","ano_origem_externa":null,"data_origem_externa":null,"apelido":"","dias_prazo":null,"data_fim_prazo":null,"em_tramitacao":false,"polemica":null,"objeto":"","complementar":null,"ementa":"Manifesta mo\u00e7\u00e3o de rep\u00fadio em virtude da prorroga\u00e7\u00e3o do Decreto Federal n. 10.979, publicado na edi\u00e7\u00e3o de 25 de fevereiro de 2022 do Di\u00e1rio Oficial da Uni\u00e3o.","indexacao":"","observacao":"","resultado":"","texto_original":"http://sapl.cmm.am.gov.br/media/sapl/public/materialegislativa/2022/25321/manifesta_mocao_de_repudio_em_virtude_da_prorrogacao_do_decreto_federal_n._10.979_publicado_na_edicao_de_25_de_fevereiro_de_2022_do_diario_oficial_da_uniao..pdf","data_ultima_atualizacao":"2022-04-26T12:09:57.124693-04:00","ip":"","ultima_edicao":null,"tipo":1,"regime_tramitacao":1,"tipo_origem_externa":null,"local_origem_externa":null,"user":null,"anexadas":[],"autores":[145]}