{"id":23746,"__str__":"Projeto de Lei n\u00ba 45 de 2022","metadata":{},"numero":45,"ano":2022,"numero_protocolo":1589,"data_apresentacao":"2022-03-07","tipo_apresentacao":"E","data_publicacao":null,"numero_origem_externa":"","ano_origem_externa":2022,"data_origem_externa":null,"apelido":"","dias_prazo":null,"data_fim_prazo":null,"em_tramitacao":false,"polemica":null,"objeto":"","complementar":null,"ementa":"AUTORIZA o Poder Executivo a implementar a carteira de identifica\u00e7\u00e3o do idoso para comprova\u00e7\u00e3o dos requisitos \u00e0 concess\u00e3o da gratuidade na utiliza\u00e7\u00e3o do transporte coletivo regular de passageiros, por \u00f4nibus, no Munic\u00edpio de Manaus.","indexacao":"AUTORIZA o Poder Executivo a implementar a carteira de identifica\u00e7\u00e3o do idoso para comprova\u00e7\u00e3o dos requisitos \u00e0 concess\u00e3o da gratuidade na utiliza\u00e7\u00e3o do transporte coletivo regular de passageiros, por \u00f4nibus, no Munic\u00edpio de Manaus.","observacao":"Em 18/04/2022: Projeto entrou na pauta, mas n\u00e3o foi deliberado devido \u00e0 aus\u00eancia do autor.\r\nDELIBERA\u00c7\u00c3O: 20/04/2022. \r\nEm 20/04/2022: Segue para an\u00e1lise e emiss\u00e3o de parecer da 2a. CCJR.\r\nProcuradoria Legislativa: (25/04/2022 - 02/05/2022)\r\n2\u00aa CCJR: Relator: Ver. Dr. Eduardo Assis (27/04/2022 - 04/05/2022). Favor\u00e1vel. Rejeitado o parecer favor\u00e1vel do relator e aprovado o parecer contr\u00e1rio da Comiss\u00e3o, pela maioria do presentes, na reuni\u00e3o ordin\u00e1ria do dia 01/03/2023. Voto contr\u00e1rio do relator, vereador Eduardo Assis.\r\nPara leitura do despacho de arquivamento em Plen\u00e1rio.\r\nNo PLEN\u00c1RIO: Na reuni\u00e3o ordin\u00e1ria do dia 05/07/2023, foi feita a leitura do despacho do Presidente da C\u00e2mara determinando o arquivamento da mat\u00e9ria, conforme par\u00e1grafo 1\u00ba do art. 38, do Regimento Interno, por ter recebido parecer CONTR\u00c1RIO da 2a. Comiss\u00e3o. Aberto o prazo regimental de 5 dias \u00fateis para recurso. Prazo: 05/07/2023 a 11/07/2023.\r\nEm 12/07/2023: Decorrido o prazo do parag. 1\u00ba do art. 38 do Regimento Interno. \r\nProposi\u00e7\u00e3o ARQUIVADA.","resultado":"","texto_original":"http://sapl.cmm.am.gov.br/media/sapl/public/materialegislativa/2022/23746/pl_045_2022_bessa_carteirinha_-_idoso_.pdf","data_ultima_atualizacao":"2023-07-19T10:24:54.534163-04:00","ip":"172.17.0.1","ultima_edicao":"2023-07-19T10:24:40.193163-04:00","tipo":4,"regime_tramitacao":1,"tipo_origem_externa":4,"local_origem_externa":null,"user":90,"anexadas":[],"autores":[9,22]}