{"id":23113,"__str__":"Projeto de Lei n\u00ba 17 de 2022","metadata":{},"numero":17,"ano":2022,"numero_protocolo":964,"data_apresentacao":"2022-02-18","tipo_apresentacao":"E","data_publicacao":null,"numero_origem_externa":"","ano_origem_externa":2022,"data_origem_externa":null,"apelido":"","dias_prazo":null,"data_fim_prazo":null,"em_tramitacao":false,"polemica":null,"objeto":"","complementar":null,"ementa":"ACRESCENTA o \u00a7 3.\u00ba ao artigo 2.\u00ba da Lei n. 1752/2013, que \u201cEstabelece a cobran\u00e7a de tarifa fracionada de estacionamento no \u00e2mbito do Munic\u00edpio de Manaus\u201d.","indexacao":"ACRESCENTA o \u00a7 3.\u00ba ao artigo 2.\u00ba da Lei n. 1752/2013, que \u201cEstabelece a cobran\u00e7a de tarifa fracionada de estacionamento no \u00e2mbito do Munic\u00edpio de Manaus\u201d.","observacao":"DELIBERA\u00c7\u00c3O: 18/04/2022. \r\nEm 18/04/2022: Segue para an\u00e1lise e emiss\u00e3o de parecer da 2a. CCJR.\r\nProcuradoria: 20/04/2022 - 28/04/2022. Parecer favor\u00e1vel.\r\n2\u00aa CCJR: Relator: Ver\u00aa Thaysa Lippy (27/04/2022 - 04/05/2022). Parecer contr\u00e1rio. Aprovado o parecer contr\u00e1rio, pela totalidade dos presentes, na reuni\u00e3o do dia 07/06/2023.\r\nEm 08/01/2025: Propositura ARQUIVADA por for\u00e7a do artigo 151 do Regimento Interno da C\u00e2mara.\r\nEncerrada a 18\u00aa Legislatura. Propositura arquivada por for\u00e7a do artigo 151 do Regimento Interno da C\u00e2mara, que prev\u00ea que finda a Legislatura, ser\u00e3o arquivadas todas as proposituras deliberadas e n\u00e3o solucionadas.","resultado":"","texto_original":"http://sapl.cmm.am.gov.br/media/sapl/public/materialegislativa/2022/23113/pl_pl_017_2022_jaildo_oliveira_acrescenta_3_ao_artigo_2o_da_lei_1752-2020-estacionamento.pdf","data_ultima_atualizacao":"2025-01-08T12:34:56.337968-04:00","ip":"172.23.5.67","ultima_edicao":"2025-01-08T12:34:40.740955-04:00","tipo":4,"regime_tramitacao":1,"tipo_origem_externa":4,"local_origem_externa":null,"user":13,"anexadas":[],"autores":[22]}