{"id":23106,"__str__":"Projeto de Lei n\u00ba 15 de 2022","metadata":{},"numero":15,"ano":2022,"numero_protocolo":958,"data_apresentacao":"2022-02-16","tipo_apresentacao":"E","data_publicacao":null,"numero_origem_externa":"","ano_origem_externa":2022,"data_origem_externa":null,"apelido":"","dias_prazo":null,"data_fim_prazo":null,"em_tramitacao":false,"polemica":null,"objeto":"","complementar":null,"ementa":"Considera de Utilidade P\u00fablica o INSTITUTO VIDA ABUNDANTE \u2013 IVA, e d\u00e1 outras provid\u00eancias.","indexacao":"Considera de Utilidade P\u00fablica o INSTITUTO VIDA ABUNDANTE \u2013 IVA, e d\u00e1 outras provid\u00eancias.","observacao":"DELIBERA\u00c7\u00c3O: 25/04/2022. \r\nEm 25/04/2022: Segue para an\u00e1lise e emiss\u00e3o de parecer da 2a. CCJR.\r\nProcuradoria (28/04/2022 - 05/05/2022)\r\n2\u00aa CCJR: Relator: Ver. Joelson Silva - (27/06/2022 - 05/07/2022).\r\nEm 24/04/2023: Propositura arquivada. Vereador Amom Mandel, autor da propositura, renunciou ao cargo de vereador no dia 26/01/2023 para assumir o mandato de deputado federal.\r\nProposi\u00e7\u00e3o Arquivada.","resultado":"","texto_original":"http://sapl.cmm.am.gov.br/media/sapl/public/materialegislativa/2022/23106/pl_015_2022_amom_mandel_utilidade_publica_iva_com_docs.pdf","data_ultima_atualizacao":"2023-05-09T13:14:11.930826-04:00","ip":"172.17.0.1","ultima_edicao":"2023-05-09T13:13:41.437401-04:00","tipo":4,"regime_tramitacao":1,"tipo_origem_externa":4,"local_origem_externa":null,"user":101,"anexadas":[],"autores":[134]}