{"id":22303,"__str__":"Veto n\u00ba 1 de 2022","metadata":{},"numero":1,"ano":2022,"numero_protocolo":null,"data_apresentacao":"2022-02-07","tipo_apresentacao":"E","data_publicacao":null,"numero_origem_externa":"001","ano_origem_externa":2022,"data_origem_externa":"2022-02-07","apelido":"","dias_prazo":null,"data_fim_prazo":null,"em_tramitacao":false,"polemica":null,"objeto":"","complementar":null,"ementa":"Veto Total ao Projeto de Lei n. 070/2021, de autoria do ver. M\u00e1rcio Tavares, que Disp\u00f5e sobre a reserva de vagas para as mulheres em situa\u00e7\u00e3o de viol\u00eancia dom\u00e9stica e familiar, nas empresas beneficiadas com incentivos fiscais municipais e/ou \u00e1rea em forma de concess\u00e3o no Munic\u00edpio de Manaus, e d\u00e1 outras provid\u00eancias.","indexacao":"","observacao":"Lido em PLEN\u00c1RIO: 09/02/2022.\r\nEm 09/02/2022: Segue \u00e0 2\u00aa Comiss\u00e3o de Constitui\u00e7\u00e3o, Justi\u00e7a e Reda\u00e7\u00e3o para an\u00e1lise e emiss\u00e3o de parecer.\r\nProcuradoria:  10/02/2022-17/02/2022\r\n2\u00aa CCJR: Relator: Ver. Caio Andr\u00e9 (16/02/2022 - 23/02/2022) - Aprovado o parecer favor\u00e1vel, pela totalidade dos presentes, na reuni\u00e3o presencial do dia 23/02/2022.\r\nNo PLEN\u00c1RIO: Na reuni\u00e3o ordin\u00e1ria do dia 09/03/2022, o veto total foi MANTIDO.","resultado":"","texto_original":"http://sapl.cmm.am.gov.br/media/sapl/public/materialegislativa/2022/22303/vt_001_2022_pl_070_2021_marcio_tavares.pdf","data_ultima_atualizacao":"2023-07-07T10:04:54.058588-04:00","ip":"172.23.5.67","ultima_edicao":"2022-03-09T14:00:55.491394-04:00","tipo":8,"regime_tramitacao":1,"tipo_origem_externa":8,"local_origem_externa":1,"user":13,"anexadas":[4303],"autores":[106]}