{"id":22155,"__str__":"Projeto de Lei n\u00ba 3 de 2022","metadata":{},"numero":3,"ano":2022,"numero_protocolo":40,"data_apresentacao":"2022-02-04","tipo_apresentacao":"E","data_publicacao":null,"numero_origem_externa":"","ano_origem_externa":2022,"data_origem_externa":null,"apelido":"","dias_prazo":null,"data_fim_prazo":null,"em_tramitacao":false,"polemica":null,"objeto":"","complementar":null,"ementa":"ALTERA os artigos 2\u00ba, 4\u00ba e 9\u00ba da Lei Municipal n.\u00ba 500 de 11 de novembro de 2021, que institui o PLANO DE REGIONALIZA\u00c7\u00c3O DA MERENDA \r\nESCOLAR MUNICIPAL - PREMEM, no \u00e2mbito do Poder Executivo Municipal, e d\u00e1 outras provid\u00eancias.","indexacao":"ALTERA os artigos 2\u00ba, 4\u00ba e 9\u00ba da Lei Municipal n.\u00ba 500 de 11 de novembro de 2021, que institui o PLANO DE REGIONALIZA\u00c7\u00c3O DA MERENDA \r\nESCOLAR MUNICIPAL - PREMEM, no \u00e2mbito do Poder Executivo Municipal, e d\u00e1 outras provid\u00eancias.","observacao":"DELIBERA\u00c7\u00c3O: 23/02/2022. Pedido de REGIME DE URG\u00caNCIA feito pelo autor e aprovado pelo Plen\u00e1rio.\r\nEm 23/02/2022: Segue para an\u00e1lise e emiss\u00e3o de parecer da 2a. CCJR.\r\nProcuradoria: 24/02/2022 - 25/02/2022\r\n2\u00aa CCJR-RELATOR: Ver. Eduardo Assis (10/03/2022-11/03/2022)-Regime de Urg\u00eancia. Aprovado o parecer favor\u00e1vel do relator e a Emenda 001/2022, de autoria da Ver. Prof. Jacqueline foi acatada pela Comiss\u00e3o.\r\n3\u00aa CFEO - Relator: Vereador Bessa (14.03.2022 a 15.03.2022) - Regime de Urg\u00eancia - Na 3\u00aa Comiss\u00e3o, o parecer favor\u00e1vel ao PL n. 003/22 e \u00e0 Emenda 001/22, da Comiss\u00e3o de Constitui\u00e7\u00e3o de Constitui\u00e7\u00e3o, Justi\u00e7a e Reda\u00e7\u00e3o, foi aprovado por Unanimidade dos membros na reuni\u00e3o extraordin\u00e1ria virtual realizada no dia 14 de mar\u00e7o de 2022.\r\n4\u00aa COMED - Relator: Vereador Fransu\u00e1 (14.03.2022 a 15.03.2022) - Regime de Urg\u00eancia - Na 4\u00aa Comiss\u00e3o, o parecer favor\u00e1vel ao PL n. 003/22 e \u00e0 Emenda 001/22, da Comiss\u00e3o de Constitui\u00e7\u00e3o de Constitui\u00e7\u00e3o, Justi\u00e7a e Reda\u00e7\u00e3o, foi aprovado pela totalidade dos presentes \u00e0 reuni\u00e3o extraordin\u00e1ria virtual realizada no dia 14 de mar\u00e7o de 2022.\r\n5\u00aa COMAGRI - Relator: Vereador Eduardo Alfaia (14.03.2022 a 15.03.2022) - Regime de Urg\u00eancia - Parecer favor\u00e1vel. Aprovado o parecer favor\u00e1vel ao PL n. 003/2022 e \u00e0 Emenda 001/2022, da Comiss\u00e3o de Constitui\u00e7\u00e3o de Constitui\u00e7\u00e3o, Justi\u00e7a e Reda\u00e7\u00e3o,  pela totalidade dos presentes, na reuni\u00e3o extraordin\u00e1ria virtual realizada no dia 14 de mar\u00e7o de 2022.\r\n6\u00aa COMSAU - Relator: Ver. Dr. Daniel Vasconcelos (14.03.2022 a 15.03.2022) - Regime de Urg\u00eancia. Aprovado o parecer favor\u00e1vel pela totalidade dos presentes, na reuni\u00e3o extraordin\u00e1ria, virtual do dia 14.03.2022.\r\n7\u00aa COMSOP - Relator: Ver. Wanderley Monteiro (14.03.2022 a 15.03.2022) - Regime de Urg\u00eancia. Aprovado o parecer favor\u00e1vel por unanimidade dos membros, na reuni\u00e3o extraordin\u00e1ria, virtual do dia 14.03.2022.\r\nNo PLEN\u00c1RIO: Na reuni\u00e3o ordin\u00e1ria do dia 16/03/2022, foram aprovados os pareceres da 2a., 3a., 4a., 5a., 6a. e 7a. Comiss\u00f5es. O projeto foi APROVADO em Discuss\u00e3o \u00danica. Segue \u00e0 san\u00e7\u00e3o do senhor Prefeito.","resultado":"","texto_original":"http://sapl.cmm.am.gov.br/media/sapl/public/materialegislativa/2022/22155/pl_003_2022_lissandro_brevalaltera_os_art._2o_4o_e_9o_do_premem.pdf","data_ultima_atualizacao":"2024-08-15T14:31:25.095108-04:00","ip":"172.23.5.67","ultima_edicao":"2022-03-16T13:57:55.687457-04:00","tipo":4,"regime_tramitacao":1,"tipo_origem_externa":4,"local_origem_externa":null,"user":13,"anexadas":[],"autores":[140,60,138,139,19,23,143,145,29,148,135,31,149,47,153,154,155]}