{"id":22142,"__str__":"Consultar Requerimentos dos anos anteriores a 2023 n\u00ba 25 de 2022","metadata":{},"numero":25,"ano":2022,"numero_protocolo":27,"data_apresentacao":"2022-02-03","tipo_apresentacao":"","data_publicacao":null,"numero_origem_externa":"","ano_origem_externa":null,"data_origem_externa":null,"apelido":"","dias_prazo":null,"data_fim_prazo":null,"em_tramitacao":false,"polemica":null,"objeto":"","complementar":null,"ementa":"REQUER na forma do Regimento Interno da CMM, Sess\u00e3o Solene em alus\u00e3o ao Dia do Turism\u00f3logo, comemorado no dia 27 de setembro.","indexacao":"","observacao":"","resultado":"","texto_original":"http://sapl.cmm.am.gov.br/media/sapl/public/materialegislativa/2022/22142/sessao_solene_em_homenagem_ao_dia_do_turismologo.pdf","data_ultima_atualizacao":"2022-02-21T12:21:12.334749-04:00","ip":"","ultima_edicao":null,"tipo":2,"regime_tramitacao":1,"tipo_origem_externa":null,"local_origem_externa":null,"user":null,"anexadas":[],"autores":[31]}