{"id":22,"__str__":"Projeto de Lei n\u00ba 14 de 2020","metadata":{},"numero":14,"ano":2020,"numero_protocolo":null,"data_apresentacao":"2020-03-02","tipo_apresentacao":"E","data_publicacao":null,"numero_origem_externa":"","ano_origem_externa":null,"data_origem_externa":null,"apelido":"","dias_prazo":null,"data_fim_prazo":null,"em_tramitacao":false,"polemica":false,"objeto":"Av\u00f4","complementar":false,"ementa":"INSTITUI o Programa \u201cAdote um Av\u00f4\u201d no munic\u00edpio de Manaus.","indexacao":"Av\u00f4\r\nAdote\r\nAdo\u00e7\u00e3o","observacao":"Deliberado: 02.03.2020\r\nNa Procuradoria: (04.03.2020). A Procuradoria exarou parecer  Contr\u00e1rio\r\nNa 2\u00aa CCJR - Relator: Ver. Raulzinho. (10.03.2020). Parecer contr\u00e1rio. Aprovado o parecer contr\u00e1rio pela totalidade dos presentes, na reuni\u00e3o virtual do dia 26/08/2020.\r\nEm 04/01/2021: Propositura arquivada por for\u00e7a do artigo 151 do Regimento Interno da C\u00e2mara.","resultado":"","texto_original":"http://sapl.cmm.am.gov.br/media/sapl/public/materialegislativa/2020/22/pl_014_2020_ver_diego_afonso3492.pdf","data_ultima_atualizacao":"2023-06-27T09:48:36.216369-04:00","ip":"172.23.4.225","ultima_edicao":"2021-03-09T07:41:09.851659-04:00","tipo":4,"regime_tramitacao":1,"tipo_origem_externa":null,"local_origem_externa":null,"user":38,"anexadas":[],"autores":[13]}