{"id":20580,"__str__":"Projeto de Lei n\u00ba 300 de 2017","metadata":{},"numero":300,"ano":2017,"numero_protocolo":null,"data_apresentacao":"2017-10-17","tipo_apresentacao":"E","data_publicacao":null,"numero_origem_externa":"Mens. 033","ano_origem_externa":2017,"data_origem_externa":"2017-10-11","apelido":"LOA","dias_prazo":null,"data_fim_prazo":null,"em_tramitacao":false,"polemica":null,"objeto":"Lei Or\u00e7ament\u00e1ria Anual","complementar":null,"ementa":"ESTIMA  a Receita e fixa a Despesa do munic\u00edpio de Manaus para o exerc\u00edcio financeiro de 2018.\r\nMensagem n. 033 de 11.10.2017.","indexacao":"ESTIMA  a Receita e fixa a Despesa do munic\u00edpio de Manaus para o exerc\u00edcio financeiro de 2018.","observacao":"DELIBERA\u00c7\u00c3O: 17.10.2017\r\nNa PROCURADORIA: (20.10.2017). A Procuradoria exarou parecer favor\u00e1vel \u00e0 mat\u00e9ria.\r\nNa 2\u00aa CCJR \u2013 RELATOR: Ver. Joelson Silva (31.10.2017). Na reuni\u00e3o do dia 01.11.2017 foi aprovado o parecer favor\u00e1vel por unanimidade dos membros.\r\nNa 3\u00aa CFEO \u2013 RELATOR: Ver. Prof. Samuel (31.10.2017). Na reuni\u00e3o do dia 01.11.2017 foi aprovado o parecer favor\u00e1vel pela totalidade dos presentes.\r\nNo PLEN\u00c1RIO: Na reuni\u00e3o do dia 07.11.2017 o Plen\u00e1rio acatou os pareceres da 2\u00aa e 3\u00aa Comiss\u00f5es, aprovou a mat\u00e9ria em 1\u00aa discuss\u00e3o e abriu prazos para a apresenta\u00e7\u00e3o de emendas, com base no art. 213 do Regimento Interno. O prazo foi prorrogado 11 dias pelo presidente da CMM, ficando o per\u00edodo para a apresenta\u00e7\u00e3o de emendas de 08.11.2017 a 01.12.2017. A mat\u00e9ria recebeu 177 emendas.\r\nRetorna \u00e0s Comiss\u00f5es para an\u00e1lise das Comiss\u00f5es (177 emendas).\r\nNa PROCURADORIA: (06.12.2017). A Procuradoria exarou parecer contr\u00e1rio \u00e0 emenda 088 e favor\u00e1vel \u00e0s emendas 01 a 087 e 089 a 177.\r\nNa 2\u00aa CCJR \u2013 RELATOR: Ver. Joelson Silva (07.12.2017). Na reuni\u00e3o do dia 18.12.2017 foi aprovado pela totalidade dos presentes, voto contr\u00e1rio do Vereador Pl\u00ednio Val\u00e9rio, o seguinte parecer:\r\nForam analisadas 177 emendas tendo sido aprovadas 176 (99,44%) e rejeitada 1 (0,56%). \r\nVisando facilitar a an\u00e1lise e vota\u00e7\u00e3o das emendas pelos membros desta Comiss\u00e3o, optamos por dividi-las em blocos de acordo com os argumentos a seguir apresentados:\r\nBLOCO A - Parecer contr\u00e1rio, por ferir a al\u00ednea \u201ca\u201d, do inciso I do art. 11 da LC 95/98 (ilegalidade) contendo erro de t\u00e9cnica legislativa, totalizando 1 emenda: \r\n088\r\nA emenda em tela aloca recursos para a Unidade Or\u00e7ament\u00e1ria 23700 \u2013 SEMINF que n\u00e3o existe na LOA, haja vista que a UO da SEMINF \u00e9 a 27101. A al\u00ednea \u201ca\u201d, do inciso I do art. 11 da LC 95/98 estabelece que para a obten\u00e7\u00e3o da clareza, nas disposi\u00e7\u00f5es normativas sobre assunto t\u00e9cnico, o legislador deve empregar a nomenclatura pr\u00f3pria da \u00e1rea em que se esteja legislando. O nobre parlamentar autor da emenda deveria ter direcionado os recursos para a UO correta.                                                                       \r\nBLOCO B \u2013 Parecer favor\u00e1vel por estarem dentro da t\u00e9cnica legislativa e por n\u00e3o ferirem qualquer preceito legal ou constitucional, totalizando 176 emendas aprovadas:\r\n001\t002\t003\t004\t005\t006\t007\t008\t009\t010\t011\t012\t013\t014\t015\r\n016\t017\t018\t019\t020\t021\t022\t023\t024\t025\t026\t027\t028\t029\t030\r\n031\t032\t033\t034\t035\t036\t037\t038\t039\t040\t041\t042\t043\t044\t045\r\n046\t047\t048\t049\t050\t051\t052\t053\t054\t055\t056\t057\t058\t059\t060\r\n061\t062\t063\t064\t065\t066\t067\t068\t069\t070\t071\t072\t073\t074\t075\r\n076\t077\t078\t079\t080\t081\t082\t083\t084\t085\t086\t087\t089\t090\t091\r\n092\t093\t094\t095\t096\t097\t098\t099\t100\t101\t102\t103\t104\t105\t106\r\n107\t108\t109\t110\t111\t112\t113\t114\t115\t116\t117\t118\t119\t120\t121\r\n122\t123\t124\t125\t126\t127\t128\t129\t130\t131\t132\t133\t134\t135\t136\r\n137\t138\t139\t140\t141\t142\t143\t144\t145\t146\t147\t148\t149\t150\t151\r\n152\t153\t154\t155\t156\t157\t158\t159\t160\t161\t162\t163\t164\t165\t166\r\n167 \t168\t169\t170\t171\t172\t173\t174\t175\t176\t177\r\n\r\nNa 3\u00aa CFEO \u2013 RELATOR: Ver. Marcel Alexandre (14.12.2017). Na reuni\u00e3o do dia 18.12.2017 foi aprovado, pela totalidade dos presentes, o seguinte parecer:\r\n\r\nBLOCO A\r\nA)\tPelo voto CONTR\u00c1RIO \u00e0s emendas de N\u00fameros:\r\n\r\n06\t74\r\n\r\nRemetemo-nos os motivos do voto CONTR\u00c1RIO as 02 emendas nas considera\u00e7\u00f5es contidas nas raz\u00f5es do voto, em especial, ter a duplicidade de a\u00e7\u00f5es com o mesmo objeto e de mesma autoria ultrapassando percentual individual das emendas impositivas.\r\nBLOCO B\r\nB)\tPelo voto CONTR\u00c1RIO \u00e0s emendas de N\u00fameros:\r\n\r\n90\t92\t93\t95\t96\t97\t100\t102\t105\t106\r\n108\t109\t110\t111\r\n\r\nRemetemo-nos os motivos do voto CONTR\u00c1RIO as 14 emendas nas considera\u00e7\u00f5es contidas nas raz\u00f5es do voto, em especial, a mudan\u00e7a dos valores das rubricas do or\u00e7amento que inviabilizam a execu\u00e7\u00e3o das prioridades e metas f\u00edsicas do Executivo Municipal fixadas na LDO/2018, Lei n\u00ba 2.227 de 30.06.2017, e sua incompatibiliza\u00e7\u00e3o com a programa\u00e7\u00e3o estabelecida no Projeto de Lei Or\u00e7ament\u00e1rio n\u00ba 300/2018, tornando inconcili\u00e1vel a meta financeira com a meta f\u00edsica provocando o desequil\u00edbrio or\u00e7ament\u00e1rio em decorr\u00eancia da altera\u00e7\u00e3o da meta financeira sem, contudo, alterar a meta f\u00edsica da mesma rubrica e de igual modo excedendo percentual individual das emendas impositivas. \r\nBLOCO C\r\nC)\tPelo voto FAVOR\u00c1VEL \u00e0s emendas de N\u00fameros:\r\n\r\n01\t02\t03\t04\t05\t07\t08\t09\t10\t11\r\n12\t13\t14\t15\t16\t17\t18\t19\t20\t21\r\n22\t23\t24\t25\t26\t27\t28\t29\t30\t31\r\n32\t33\t34\t35\t36\t37\t38\t39\t40\t41\r\n42\t43\t44\t45\t46\t47\t48\t49\t50\t51\r\n52\t53\t54\t55\t56\t57\t58\t59\t60\t61\r\n62\t63\t64\t65\t66\t67\t68\t69\t70\t71\r\n72\t73\t75\t76\t77\t78\t79\t80\t81\t82\r\n83\t84\t85\t86\t87\t89\t91\t94\t98\t99\r\n101\t103\t104\t107\t112\t113\t114\t115\t116\t117\r\n118\t119\t120\t121\t122\t123\t124\t125\t126\t127\r\n128\t129\t130\t131\t132\t133\t134\t135\t136\t137\r\n138\t139\t140\t141\t142\t143\t144\t145\t146\t147\r\n148\t149\t150\t151\t152\t153\t154\t155\t156\t157\r\n158\t159\t160\t161\t162\t163\t164\t165\t166\t167\r\n168\t169\t170\t171\t172\t173\t174\t175\t176\t177\r\n\r\nRemetemo-nos os motivos do voto FAVOR\u00c1VEL as 160 emendas nas considera\u00e7\u00f5es contidas na raz\u00e3o do voto, em especial, a adequa\u00e7\u00e3o financeira e or\u00e7ament\u00e1ria, considerando que as propostas de emenda ao or\u00e7amento est\u00e3o abrangidas \u00e0 luz da Lei n\u00ba 2.227 de 30.06.2017 e do Projeto de Lei Or\u00e7ament\u00e1ria n\u00ba 300/2018, al\u00e9m do dispositivo previsto que estabelece percentual das emendas impositivas no or\u00e7amento no valor de R$ 14.710.000,00.\r\nNo PLEN\u00c1RIO: Na reuni\u00e3o do dia 18.12.2017 o Plen\u00e1rio acatou os pareceres da 2\u00aa e 3\u00aa Comiss\u00f5es \u00e0s emendas, acatando 160 emendas, aprovou a mat\u00e9ria em 2\u00aa discuss\u00e3o e encaminhou \u00e0 san\u00e7\u00e3o do senhor Prefeito.\r\nNa 3\u00aa CFEO \u2013 REDA\u00c7\u00c3O FINAL - RELATOR: A Comiss\u00e3o. A Comiss\u00e3o aprovou a reda\u00e7\u00e3o final da mat\u00e9ria. Entregue ao Servi\u00e7o de Leis em 19.12.2017 (p\u00e1g. 14/v).\r\nFoi \u00e0 san\u00e7\u00e3o (OF. N\u00ba).","resultado":"","texto_original":"http://sapl.cmm.am.gov.br/media/sapl/public/materialegislativa/2017/20580/pl300-2017-capa_pl_e_mensagem.pdf","data_ultima_atualizacao":"2024-10-22T12:59:10.715883-04:00","ip":"172.23.0.244","ultima_edicao":"2024-10-22T11:58:46.524441-04:00","tipo":4,"regime_tramitacao":1,"tipo_origem_externa":4,"local_origem_externa":1,"user":12,"anexadas":[],"autores":[]}