{"id":20441,"__str__":"Projeto de Lei n\u00ba 260 de 2017","metadata":{},"numero":260,"ano":2017,"numero_protocolo":null,"data_apresentacao":"2017-09-18","tipo_apresentacao":"E","data_publicacao":null,"numero_origem_externa":"","ano_origem_externa":null,"data_origem_externa":null,"apelido":"PROJETO DE LEI","dias_prazo":null,"data_fim_prazo":null,"em_tramitacao":false,"polemica":null,"objeto":"","complementar":null,"ementa":"DISP\u00d5E SOBRE O COMBATE AO DESPERD\u00cdCIO E \u00c0 PERDA DE ALIMENTOS NO \u00c2MBITO DA CIDADE DE MANAUS E PEDE OUTRAS PROVID\u00caNCIAS.","indexacao":"Ver(s) Pl\u00ednio Val\u00e9rio, Felipe Souza e  Wallace Oliveira","observacao":"","resultado":"","texto_original":null,"data_ultima_atualizacao":"2022-01-19T14:33:37.766841-04:00","ip":"172.23.5.51","ultima_edicao":"2022-01-19T14:33:37.766841-04:00","tipo":4,"regime_tramitacao":1,"tipo_origem_externa":null,"local_origem_externa":null,"user":3,"anexadas":[],"autores":[]}