{"id":20104,"__str__":"Projeto de Lei n\u00ba 53 de 2017","metadata":{},"numero":53,"ano":2017,"numero_protocolo":null,"data_apresentacao":"2017-03-20","tipo_apresentacao":"E","data_publicacao":null,"numero_origem_externa":"","ano_origem_externa":null,"data_origem_externa":null,"apelido":"PROJETO DE LEI","dias_prazo":null,"data_fim_prazo":null,"em_tramitacao":false,"polemica":null,"objeto":"","complementar":null,"ementa":"DISP\u00d5E SOBRE PROTE\u00c7\u00c3O E CUIDADO A CRIAN\u00c7A E ADOLESCENTES PRESENTES EM \u00c1REAS DE CONFLITOS, COLETIVOS SOCIOAMBIENTAIS E FINDI\u00c1RIOS NO MUNIC\u00cdPIO DE MANAUS E ADOTA OUTRAS PROVID\u00caNCIAS.","indexacao":"Ver. Dante","observacao":"","resultado":"","texto_original":"http://sapl.cmm.am.gov.br/media/sapl/public/materialegislativa/2017/20104/pl_053_2017.pdf","data_ultima_atualizacao":"2022-02-19T14:10:19.900307-04:00","ip":"191.189.23.166","ultima_edicao":"2022-02-19T14:10:19.895789-04:00","tipo":4,"regime_tramitacao":1,"tipo_origem_externa":null,"local_origem_externa":null,"user":1,"anexadas":[],"autores":[]}