{"id":2,"__str__":"Projeto de Lei n\u00ba 2 de 2020","metadata":{},"numero":2,"ano":2020,"numero_protocolo":null,"data_apresentacao":"2020-02-17","tipo_apresentacao":"E","data_publicacao":null,"numero_origem_externa":"","ano_origem_externa":null,"data_origem_externa":null,"apelido":"","dias_prazo":null,"data_fim_prazo":null,"em_tramitacao":false,"polemica":false,"objeto":"Res\u00edduos s\u00f3lidos","complementar":false,"ementa":"DISP\u00d5E sobre a obrigatoriedade da destina\u00e7\u00e3o ambientalmente adequada e respons\u00e1vel de res\u00edduos s\u00f3lidos org\u00e2nicos e inorg\u00e2nicos classificados como aproveit\u00e1veis no Munic\u00edpio de Manaus, e d\u00e1 outras provid\u00eancias.","indexacao":"Res\u00edduos s\u00f3lidos","observacao":"Delibera\u00e7\u00e3o: sess\u00e3o plen\u00e1ria de 17.02.2020\r\nNa PROCURADORIA: (02.03.2020). A Procuradoria exarou parecer favor\u00e1vel \u00e0 mat\u00e9ria.\r\nNa 2\u00aa CCJR \u2013 RELATOR: Ver. Gilvandro (06.03.2020). Parecer favoravel. Aprovado o parecer favor\u00e1vel pela totalidade dos presentes, na reuni\u00e3o virtual do dia 20/10/2020.\r\nNo PLEN\u00c1RIO: Na reuni\u00e3o ordin\u00e1ria do dia 27/10/2020, foi acatado o parecer Favor\u00e1vel da 2\u00aa CCJR. Projeto encaminhado \u00e0 3\u00aa CFEO.\r\nNa 3\u00aa CFEO - RELATOR: Ver. Dr. Alonso (19/11/2020-30/11/2020). Aprovado o parecer favor\u00e1vel pela totalidade dos presentes, na reuni\u00e3o virtual do dia 25/11/2020.\r\nDesarquivado em 22 de mar\u00e7o de 2021. Memorando n. 013/2021 - DL/CMM solicitado pelo ver. Fransu\u00e1.\r\nEm 07/01/2025: Encerrada a 18\u00aa Legislatura, Propositura ARQUIVADA por for\u00e7a do artigo 151 do Regimento Interno da C\u00e2mara, que prev\u00ea que, finda a Legislatura, ser\u00e3o arquivadas todas as proposituras deliberadas e n\u00e3o solucionadas.","resultado":"","texto_original":"http://sapl.cmm.am.gov.br/media/sapl/public/materialegislativa/2020/2/pl_002_2020_ver_fransua3397.pdf","data_ultima_atualizacao":"2025-01-07T14:34:57.625836-04:00","ip":"172.23.5.67","ultima_edicao":"2025-01-07T14:34:39.726832-04:00","tipo":4,"regime_tramitacao":1,"tipo_origem_externa":null,"local_origem_externa":null,"user":13,"anexadas":[],"autores":[19]}