{"id":19831,"__str__":"Projeto de Lei n\u00ba 163 de 2016","metadata":{},"numero":163,"ano":2016,"numero_protocolo":null,"data_apresentacao":"2016-09-20","tipo_apresentacao":"E","data_publicacao":null,"numero_origem_externa":"","ano_origem_externa":null,"data_origem_externa":null,"apelido":"PROJETO DE LEI","dias_prazo":null,"data_fim_prazo":null,"em_tramitacao":false,"polemica":null,"objeto":"","complementar":null,"ementa":"INSTITUI NO CALEND\u00c1RIO OFICIAL DO MUNIC\u00cdPIO DE MANAUS O DIA DO BEM COMUM, CUJA COMEMORA\u00c7\u00c3O OCORRER\u00c1 ANUALMENTE NO DIA 27 DE AGOSTO.","indexacao":"Ver. Massami Miki","observacao":"","resultado":"","texto_original":"http://sapl.cmm.am.gov.br/media/sapl/public/materialegislativa/2016/19831/pl_163_2016.pdf","data_ultima_atualizacao":"2022-02-16T21:30:01.509759-04:00","ip":"191.189.23.166","ultima_edicao":"2022-02-16T21:30:01.505930-04:00","tipo":4,"regime_tramitacao":1,"tipo_origem_externa":null,"local_origem_externa":null,"user":1,"anexadas":[],"autores":[]}