{"id":19743,"__str__":"Projeto de Lei n\u00ba 87 de 2016","metadata":{},"numero":87,"ano":2016,"numero_protocolo":null,"data_apresentacao":"2016-05-04","tipo_apresentacao":"E","data_publicacao":null,"numero_origem_externa":"","ano_origem_externa":null,"data_origem_externa":null,"apelido":"PROJETO DE LEI","dias_prazo":null,"data_fim_prazo":null,"em_tramitacao":false,"polemica":null,"objeto":"","complementar":null,"ementa":"DISPOE SOBRE A CRIA\u00c7AO DO PROGRAMA MUNICIPAL DE ASSISTENCIA \u00c0 CRIAN\u00c7A PORTADORA DE MICROCEFALIA E DA OUTRAS PROVIDENCIAS","indexacao":"Ver. Francisco da Jornada","observacao":"","resultado":"","texto_original":"http://sapl.cmm.am.gov.br/media/sapl/public/materialegislativa/2016/19743/pl_087_2016.pdf","data_ultima_atualizacao":"2022-02-13T17:39:15.217868-04:00","ip":"191.189.23.166","ultima_edicao":"2022-02-13T17:39:15.214977-04:00","tipo":4,"regime_tramitacao":1,"tipo_origem_externa":null,"local_origem_externa":null,"user":1,"anexadas":[],"autores":[]}