{"id":19176,"__str__":"Projeto de Lei n\u00ba 242 de 2015","metadata":{},"numero":242,"ano":2015,"numero_protocolo":null,"data_apresentacao":"2015-08-10","tipo_apresentacao":"E","data_publicacao":null,"numero_origem_externa":"","ano_origem_externa":null,"data_origem_externa":null,"apelido":"PROJETO DE LEI","dias_prazo":null,"data_fim_prazo":null,"em_tramitacao":false,"polemica":null,"objeto":"","complementar":null,"ementa":"INSTITUI SOBRE O DIA 25 DE JULHO COMO \"DIA DO LEVITA\" NO \u00c2MBITO DO MUNIC\u00cdPIO DE MANAUS, E D\u00c1 OUTRAS PROVID\u00caNCIAS.","indexacao":"Ver(a). Pastora Luciana","observacao":"","resultado":"","texto_original":"http://sapl.cmm.am.gov.br/media/sapl/public/materialegislativa/2015/19176/pl_242_2015.pdf","data_ultima_atualizacao":"2024-07-10T12:38:02.251412-04:00","ip":"191.189.23.166","ultima_edicao":"2022-02-13T12:46:16.734570-04:00","tipo":4,"regime_tramitacao":1,"tipo_origem_externa":null,"local_origem_externa":null,"user":1,"anexadas":[],"autores":[]}