{"id":19,"__str__":"Projeto de Lei n\u00ba 9 de 2020","metadata":{},"numero":9,"ano":2020,"numero_protocolo":null,"data_apresentacao":"2020-03-02","tipo_apresentacao":"E","data_publicacao":null,"numero_origem_externa":"","ano_origem_externa":null,"data_origem_externa":null,"apelido":"Horta Comunit\u00e1ria","dias_prazo":null,"data_fim_prazo":null,"em_tramitacao":false,"polemica":false,"objeto":"Horta","complementar":false,"ementa":"DISP\u00d5E sobre a Horta da Comunidade no munic\u00edpio de Manaus e d\u00e1 outras provid\u00eancias.","indexacao":"Horta\r\nComunidade","observacao":"Deliberado: 02.03.2020\r\nNa Procuradoria: (04.03.2020). A Procuradoria exarou parecer  Contr\u00e1rio\r\n2\u00aa CCJR - Relator: Ver. Raulzinho. (09.03.2020). Redistribuido, em 31/07/2020) a pedido do relator conforme memorando n. 065/2020 - GVR. Novo Relator: ver. Wallace Oliveira(31/07/2020-10/08/2020). Parecer contr\u00e1rio. Aprovado o parecer contr\u00e1rio pela totalidade dos presentes na reuni\u00e3o virtual do dia 27/10/2020.\r\nEm 04/01/2021: Propositura arquivada por for\u00e7a do artigo 151 do Regimento Interno da C\u00e2mara.","resultado":"","texto_original":"http://sapl.cmm.am.gov.br/media/sapl/public/materialegislativa/2020/19/pl_009_2020_ver_fransua3494.pdf","data_ultima_atualizacao":"2023-06-27T09:48:36.204894-04:00","ip":"172.23.4.225","ultima_edicao":"2021-03-09T07:39:14.994583-04:00","tipo":4,"regime_tramitacao":1,"tipo_origem_externa":null,"local_origem_externa":null,"user":38,"anexadas":[],"autores":[19]}