{"id":1815,"__str__":"Projeto de Lei n\u00ba 265 de 2019","metadata":{},"numero":265,"ano":2019,"numero_protocolo":null,"data_apresentacao":"2019-11-11","tipo_apresentacao":"E","data_publicacao":null,"numero_origem_externa":"","ano_origem_externa":null,"data_origem_externa":null,"apelido":"banco de cabelos","dias_prazo":null,"data_fim_prazo":null,"em_tramitacao":false,"polemica":false,"objeto":"cabelos para crian\u00e7as e adolecentes com c\u00e2ncer","complementar":null,"ementa":"AUTORIZA o Poder Executivo a instituir o banco de cabelos para crian\u00e7as e adolescentes portadores de c\u00e2ncer no \u00e2mbito do munic\u00edpio de Manaus.","indexacao":"banco \r\ncabelos\r\ncrian\u00e7as\r\nadolescentes\r\nc\u00e2ncer","observacao":"Delibera\u00e7\u00e3o: 11.11.2019\r\nNa PROCURADORIA: (13.11.2019) - A Procuradoria exarou parecer Contr\u00e1rio.\r\nNa 2\u00aa CCJR - RELATOR: Ver. Marcel(03.12.2019). Parecer contr\u00e1rio\r\nArquivado. Fim de Legislatura. Art. 151. RI.","resultado":"","texto_original":"http://sapl.cmm.am.gov.br/media/sapl/public/materialegislativa/2019/1815/pl.265.2019.ver.diego.afonso_ok_1.pdf","data_ultima_atualizacao":"2023-07-04T11:44:10.298345-04:00","ip":"201.75.19.38","ultima_edicao":"2021-01-19T15:23:49.616172-04:00","tipo":4,"regime_tramitacao":1,"tipo_origem_externa":null,"local_origem_externa":null,"user":101,"anexadas":[],"autores":[13]}