{"id":18143,"__str__":"Projeto de Lei n\u00ba 93 de 2014","metadata":{},"numero":93,"ano":2014,"numero_protocolo":null,"data_apresentacao":"2014-04-14","tipo_apresentacao":"E","data_publicacao":null,"numero_origem_externa":"","ano_origem_externa":null,"data_origem_externa":null,"apelido":"PROJETO DE LEI","dias_prazo":null,"data_fim_prazo":null,"em_tramitacao":false,"polemica":null,"objeto":"","complementar":null,"ementa":"INSTITUI O \"DIA SEM ACIDENTE\" NO TR\u00c2NSITO, NO MUNIC\u00cdPIO DE MANAUS, DATA DE 28/MAR\u00c7O, COM CAMPANHA, MOBILIZA\u00c7\u00c3O E HOMENAGEM \u00c0S V\u00cdTIMAS DO ACIDENTE NA AV: DJALMA BATISTA E D\u00c1 OUTRAS PROVID\u00caNCIAS.","indexacao":"Ver. Vilma Queiroz","observacao":"","resultado":"","texto_original":"http://sapl.cmm.am.gov.br/media/sapl/public/materialegislativa/2014/18143/pl_093_2014.pdf","data_ultima_atualizacao":"2022-02-09T18:46:19.514917-04:00","ip":"191.189.23.166","ultima_edicao":"2022-02-09T18:46:19.512022-04:00","tipo":4,"regime_tramitacao":1,"tipo_origem_externa":null,"local_origem_externa":null,"user":1,"anexadas":[],"autores":[]}