{"id":18,"__str__":"Projeto de Lei n\u00ba 8 de 2020","metadata":{},"numero":8,"ano":2020,"numero_protocolo":null,"data_apresentacao":"2020-03-02","tipo_apresentacao":"E","data_publicacao":null,"numero_origem_externa":"","ano_origem_externa":null,"data_origem_externa":null,"apelido":"Patrim\u00f4nio Cultural da Igreja de S\u00e3o Sebasti\u00e3o","dias_prazo":null,"data_fim_prazo":null,"em_tramitacao":false,"polemica":false,"objeto":"Patrim\u00f4nio Cultural","complementar":false,"ementa":"DECLARA a Igreja S\u00e3o Sebasti\u00e3o como Patrim\u00f4nio Cultural de Natureza Material do munic\u00edpio de Manaus.","indexacao":"Patrim\u00f4nio\r\nCultural\r\nS\u00e3o Sebasti\u00e3o","observacao":"Deliberado: 02.03.2020\r\nNa Procuradoria: (04.03.2020) A Procuradoria exarou parecer  Favor\u00e1vel.\r\nNa 2\u00aa CCJR - Relator: Ver. Raulzinho. (06.03.2020). Na reuni\u00e3o virtual do dia 02.09.2020 foi aprovado o parecer favor\u00e1vel pela totalidade dos presentes.\r\nNo PLEN\u00c1RIO:  Na reuni\u00e3o ordin\u00e1ria do dia 14.09.2020 o plen\u00e1rio acatou o parecer da comiss\u00e3o e encaminhou para analise da 9\u00aa Comiss\u00e3o de Cultura e Patrim\u00f4nio Hist\u00f3rico.\r\nNa 9\u00aa COMCPH - RELATOR: Ver. Diego Afonso. Parecer FAVOR\u00c1VEL aprovado por TOTALIDADE dos presentes na Reuni\u00e3o Extraordin\u00e1ria Virtual do dia 26/10/2020 (segunda-feira).\r\nNo Plen\u00e1rio: Na reuni\u00e3o ordin\u00e1ria do dia 03/11/2020, foi aprovado o parecer Favor\u00e1vel da 9\u00aa Comiss\u00e3o em 1\u00aa Discuss\u00e3o. Projeto vai \u00e0 2\u00aa discuss\u00e3o.\r\nNo Plen\u00e1rio: Na reuni\u00e3o ordin\u00e1ria do dia 04/11/2020, o projeto foi aprovado em 2\u00aa discuss\u00e3o e encaminhado \u00e0 san\u00e7\u00e3o do prefeito.","resultado":"","texto_original":"http://sapl.cmm.am.gov.br/media/sapl/public/materialegislativa/2020/18/pl_008_2020_ver_fransua3495.pdf","data_ultima_atualizacao":"2024-06-24T08:42:04.708396-04:00","ip":"191.189.9.108","ultima_edicao":"2020-11-04T09:37:17.362814-04:00","tipo":4,"regime_tramitacao":1,"tipo_origem_externa":null,"local_origem_externa":null,"user":38,"anexadas":[],"autores":[19]}