{"id":17575,"__str__":"Projeto de Lei n\u00ba 347 de 2013","metadata":{},"numero":347,"ano":2013,"numero_protocolo":null,"data_apresentacao":"2013-09-10","tipo_apresentacao":"E","data_publicacao":null,"numero_origem_externa":"","ano_origem_externa":null,"data_origem_externa":null,"apelido":"PROJETO DE LEI","dias_prazo":null,"data_fim_prazo":null,"em_tramitacao":false,"polemica":null,"objeto":"","complementar":null,"ementa":"DISP\u00d5E SOBRE A PROMO\u00c7\u00c3O DA ALIMENTA\u00c7\u00c3O SAUD\u00c1VEL NAS ESCOLAS DAS REDES P\u00daBLICA E PRIVADA DA EDUCA\u00c7\u00c3O B\u00c1SICA NO MUNIC\u00cdPIO DE MANAUS.","indexacao":"Ver. Marcel Alexandre","observacao":"","resultado":"","texto_original":null,"data_ultima_atualizacao":"2022-01-19T14:33:37.766841-04:00","ip":"172.23.5.51","ultima_edicao":"2022-01-19T14:33:37.766841-04:00","tipo":4,"regime_tramitacao":1,"tipo_origem_externa":null,"local_origem_externa":null,"user":3,"anexadas":[],"autores":[]}