{"id":17193,"__str__":"Projeto de Lei n\u00ba 171 de 2013","metadata":{},"numero":171,"ano":2013,"numero_protocolo":null,"data_apresentacao":"2013-05-13","tipo_apresentacao":"E","data_publicacao":null,"numero_origem_externa":"","ano_origem_externa":null,"data_origem_externa":null,"apelido":"PROJETO DE LEI","dias_prazo":null,"data_fim_prazo":null,"em_tramitacao":false,"polemica":null,"objeto":"","complementar":null,"ementa":"CAPEADO PELA MENSAGEM N. 009/2013, DE 30.04.2013, QUE \"DISP\u00d5E SOBRE A COMPENSA\u00c7\u00c3O DE CR\u00c9DITOS TRIBUT\u00c1RIOS A INSTITUI\u00c7\u00d5ES DE ENSINO QUE PARTICIPAREM DO PROGRAMA DE IDIOMAS E D\u00c1 OUTRAS PROVID\u00caNCIAS\".","indexacao":"Executivo Municipal","observacao":"","resultado":"","texto_original":null,"data_ultima_atualizacao":"2024-08-01T13:41:11.642559-04:00","ip":"172.23.5.51","ultima_edicao":"2022-01-19T14:33:37.766841-04:00","tipo":4,"regime_tramitacao":1,"tipo_origem_externa":null,"local_origem_externa":null,"user":3,"anexadas":[],"autores":[]}