{"id":171,"__str__":"Consultar Requerimentos dos anos anteriores a 2023 n\u00ba 109 de 2020","metadata":{},"numero":109,"ano":2020,"numero_protocolo":null,"data_apresentacao":"2020-02-17","tipo_apresentacao":"","data_publicacao":null,"numero_origem_externa":"","ano_origem_externa":null,"data_origem_externa":null,"apelido":"","dias_prazo":null,"data_fim_prazo":null,"em_tramitacao":false,"polemica":null,"objeto":"","complementar":null,"ementa":"Requer, na forma regimental, \u00e0 Secretaria Municipal de Infraestrutura - SEMINF, a constru\u00e7\u00e3o do escad\u00e3o que liga a Rua Carapana\u00faba a outras ruas da\r\ncomunidade - Jorge Teixeira.","indexacao":"Requer, na forma regimental, \u00e0 Secretaria Municipal de Infraestrutura - SEMINF, a constru\u00e7\u00e3o do escad\u00e3o que liga a Rua Carapana\u00faba a outras ruas da\r\ncomunidade - Jorge Teixeira.","observacao":"","resultado":"","texto_original":"http://sapl.cmm.am.gov.br/media/sapl/public/materialegislativa/2020/171/req.109.2020_sassa.pdf","data_ultima_atualizacao":"2020-03-11T06:26:56.211208-04:00","ip":"172.23.0.179","ultima_edicao":"2020-03-11T06:22:09.826367-04:00","tipo":2,"regime_tramitacao":1,"tipo_origem_externa":null,"local_origem_externa":null,"user":35,"anexadas":[],"autores":[16]}