{"id":16377,"__str__":"Projeto de Lei n\u00ba 14 de 2012","metadata":{},"numero":14,"ano":2012,"numero_protocolo":null,"data_apresentacao":"2012-03-13","tipo_apresentacao":"E","data_publicacao":null,"numero_origem_externa":"","ano_origem_externa":null,"data_origem_externa":null,"apelido":"PROJETO DE LEI","dias_prazo":null,"data_fim_prazo":null,"em_tramitacao":false,"polemica":null,"objeto":"","complementar":null,"ementa":"CONTEMPLA, NOS PROJETOS E OBRAS VI\u00c1RIAS DO MUNIC\u00cdPIO DE MANAUS, ESPA\u00c7O DESTINADO A IMPLANTA\u00c7\u00c3O DE CICLOVIAS OU CICLOFAIXAS.","indexacao":"PL n. 014/2012\r\nAUTORIA: Ver. Massami Miki\r\nDELIBERA\u00c7\u00c3O: 13.03.2012\r\nPALAVRA CHAVE: Contempla, projetos, obras, espa\u00e7o, implanta\u00e7\u00e3o, ciclovias, ciclofaixas.","observacao":"SITUA\u00c7\u00c3O: \r\nNa 2\u00aa CCJR \u2013 RELATOR: Ver. Elias Emanuel (28.03.2012). Na reuni\u00e3o do dia 15.05.2012 foi aprovado o parecer favor\u00e1vel pela totalidade dos presentes.\r\nNo PLEN\u00c1RIO: Na reuni\u00e3o do dia 22.05.2012 o Plen\u00e1rio acatou o parecer da 2\u00aa Comiss\u00e3o e encaminhou a mat\u00e9ria para an\u00e1lise da 3\u00aa Comiss\u00e3o.\r\nNa 3\u00aa CFEO \u2013 RELATOR: Ver.\r\nPENDENTE","resultado":"","texto_original":null,"data_ultima_atualizacao":"2023-02-02T11:52:12.738273-04:00","ip":"172.17.0.1","ultima_edicao":"2023-02-02T11:52:12.735179-04:00","tipo":4,"regime_tramitacao":1,"tipo_origem_externa":null,"local_origem_externa":null,"user":95,"anexadas":[],"autores":[]}