{"id":1634,"__str__":"Projeto de Lei n\u00ba 300 de 2019","metadata":{},"numero":300,"ano":2019,"numero_protocolo":null,"data_apresentacao":"2019-11-08","tipo_apresentacao":"E","data_publicacao":null,"numero_origem_externa":"","ano_origem_externa":null,"data_origem_externa":null,"apelido":"cadeiras de roda motorizadas","dias_prazo":null,"data_fim_prazo":null,"em_tramitacao":false,"polemica":false,"objeto":"fornecimento de cadeiras de rodas motorizadas e nao motorizadas,","complementar":false,"ementa":"DISP\u00d5E sobre o fornecimento de cadeiras de rodas motorizadas e n\u00e3o motorizadas, para o uso de pessoas com defici\u00eancia e com mobilidade reduzida no \u00e2mbito do munic\u00edpio de Manaus e d\u00e1 outras provid\u00eancias.","indexacao":"cadeiras de roda\r\nmotorizadas\r\ndefici\u00eancia \r\nmobilidade \r\nreduzida","observacao":"Deliberado: 11.11.2019\r\nNa PROCURADORIA: ( 13.11.2019) A Procuradoria exarou parecer Favor\u00e1vel.\r\nNa 2\u00aa CCJR - RELATOR: Ver. Wallace Oliveira ( 25.11.2019)\r\nArquivado. Fim de Legislatura. Art. 151. RI.","resultado":"","texto_original":"http://sapl.cmm.am.gov.br/media/sapl/public/materialegislativa/2019/1634/pl_300_2019_ver_isaac_tayah3489.pdf","data_ultima_atualizacao":"2023-07-04T11:44:10.337812-04:00","ip":"201.75.19.38","ultima_edicao":"2021-01-19T15:13:03.717497-04:00","tipo":4,"regime_tramitacao":1,"tipo_origem_externa":null,"local_origem_externa":null,"user":101,"anexadas":[],"autores":[24]}