{"id":15645,"__str__":"Projeto de Lei n\u00ba 1 de 2011","metadata":{},"numero":1,"ano":2011,"numero_protocolo":null,"data_apresentacao":"2011-02-28","tipo_apresentacao":"E","data_publicacao":null,"numero_origem_externa":"","ano_origem_externa":null,"data_origem_externa":null,"apelido":"PROJETO DE LEI","dias_prazo":null,"data_fim_prazo":null,"em_tramitacao":false,"polemica":null,"objeto":"","complementar":null,"ementa":"DISCIPLINA AS NOMEA\u00c7\u00d5ES PARA CARGOS EM COMISS\u00c3O NO \u00c2MBITO DOS \u00d3RG\u00c3OS DO PODER EXECUTIVO E LEGISLATIVO MUNICIPAL E D\u00c1 OUTRAS PROVID\u00caNCIAS.\r\nPARECER PEDIDO DE VISTA; FAVOR\u00c1VEL\r\nENCAMINHADO \u00c0 PROCURADORIA PARA AN\u00c1LISE EM 19/06/2012. RETORNOU EM 17/07/2012 COM PARECER CONTR\u00c1RIO.\r\nENCAMINHADO NOVAMENTE PARA PROCURADORIA EM 07/08/2012 A PEDIDO DO AUTOR PARA NOVA AN\u00c1LISE. RETORNOU DA PROCURADORIA EM 27/08/2012 COM PARECER FAVOR\u00c1VEL.","indexacao":"Ver. Waldemir Jos\u00e9","observacao":"","resultado":"","texto_original":null,"data_ultima_atualizacao":"2022-01-19T14:33:37.766841-04:00","ip":"172.23.5.51","ultima_edicao":"2022-01-19T14:33:37.766841-04:00","tipo":4,"regime_tramitacao":1,"tipo_origem_externa":null,"local_origem_externa":null,"user":3,"anexadas":[],"autores":[]}