{"id":149,"__str__":"Consultar Requerimentos dos anos anteriores a 2023 n\u00ba 69 de 2020","metadata":{},"numero":69,"ano":2020,"numero_protocolo":null,"data_apresentacao":"2020-02-12","tipo_apresentacao":"","data_publicacao":null,"numero_origem_externa":"","ano_origem_externa":null,"data_origem_externa":null,"apelido":"","dias_prazo":null,"data_fim_prazo":null,"em_tramitacao":false,"polemica":null,"objeto":"","complementar":null,"ementa":"REQUER Audi\u00eancia P\u00fablica no seio da 6\u00aa Comiss\u00e3o T\u00e9cnica Permanente de Sa\u00fade com o fito de discutir o Dia Mundial da Conci\u00eantiza\u00e7\u00e3o do Espectro do Autismo, celebrado anualmente em 02 de abril.","indexacao":"Audi\u00eancia P\u00fablica no seio da 6\u00aa Comiss\u00e3o T\u00e9cnica Permanente de Sa\u00fade para discutir o Dia Mundial da Conci\u00eantiza\u00e7\u00e3o do Espectro do Autismo celebrado anualmente em 02 de abril.","observacao":"","resultado":"","texto_original":"http://sapl.cmm.am.gov.br/media/sapl/public/materialegislativa/2020/149/req.069.2020_elias.emanuel.pdf","data_ultima_atualizacao":"2020-11-16T08:21:23.605467-04:00","ip":"172.23.0.195","ultima_edicao":"2020-03-11T05:30:17.289216-04:00","tipo":2,"regime_tramitacao":1,"tipo_origem_externa":null,"local_origem_externa":null,"user":36,"anexadas":[],"autores":[6]}