{"id":14703,"__str__":"Projeto de Lei n\u00ba 298 de 2009","metadata":{},"numero":298,"ano":2009,"numero_protocolo":null,"data_apresentacao":"2009-09-15","tipo_apresentacao":"E","data_publicacao":null,"numero_origem_externa":"","ano_origem_externa":null,"data_origem_externa":null,"apelido":"PROJETO DE LEI","dias_prazo":null,"data_fim_prazo":null,"em_tramitacao":false,"polemica":null,"objeto":"","complementar":null,"ementa":"DISP\u00d5E SOBRE A PROIBI\u00c7\u00c3O DE CORTE DE SERVI\u00c7O P\u00daBLICO DE \u00c1GUA E ENERGIA EL\u00c9TRICA AS SEXTAS-FEIRAS, S\u00c1BADOS, DOMINGOS, FERIADOS E NO \u00daLTIMO DIA \u00daTIL ANTERIOR DO FERIADO NA CIDADE DE MANAUS E D\u00c1 OUTRAS PROVID\u00caNCIAS.\r\n","indexacao":"Ver(s). Hissa Abrah\u00e3o-Luiz Alberto Carij\u00f3-Paulo Nasser","observacao":"","resultado":"","texto_original":null,"data_ultima_atualizacao":"2022-01-19T14:33:37.766841-04:00","ip":"172.23.5.51","ultima_edicao":"2022-01-19T14:33:37.766841-04:00","tipo":4,"regime_tramitacao":1,"tipo_origem_externa":null,"local_origem_externa":null,"user":3,"anexadas":[],"autores":[]}