{"id":14441,"__str__":"Projeto de Lei n\u00ba 15 de 2009","metadata":{},"numero":15,"ano":2009,"numero_protocolo":null,"data_apresentacao":"2009-03-17","tipo_apresentacao":"E","data_publicacao":null,"numero_origem_externa":"","ano_origem_externa":null,"data_origem_externa":null,"apelido":"PROJETO DE LEI","dias_prazo":null,"data_fim_prazo":null,"em_tramitacao":false,"polemica":null,"objeto":"","complementar":null,"ementa":"DISP\u00d5E SOBRE O NUMERO M\u00c1XIMO DE ALUNOS EM SALAS DE AULA DA REDE P\u00daBLICA E PRIVADA DO MUNICIPIO DE MANAUS E D\u00c1 OUTRAS PROVIDENCIAS. ","indexacao":"Ver. Jos\u00e9 Ricardo","observacao":"","resultado":"","texto_original":null,"data_ultima_atualizacao":"2022-01-19T14:33:37.766841-04:00","ip":"172.23.5.51","ultima_edicao":"2022-01-19T14:33:37.766841-04:00","tipo":4,"regime_tramitacao":1,"tipo_origem_externa":null,"local_origem_externa":null,"user":3,"anexadas":[],"autores":[]}