{"id":14371,"__str__":"Projeto de Lei n\u00ba 679 de 2021","metadata":{},"numero":679,"ano":2021,"numero_protocolo":10365,"data_apresentacao":"2021-12-15","tipo_apresentacao":"E","data_publicacao":null,"numero_origem_externa":"","ano_origem_externa":null,"data_origem_externa":null,"apelido":"","dias_prazo":null,"data_fim_prazo":null,"em_tramitacao":false,"polemica":null,"objeto":"","complementar":null,"ementa":"INCLUI no Calend\u00e1rio Oficial da Cidade de Manaus/AM o \u201cDia do Esporte Paral\u00edmpico\u201d e d\u00e1 outras provid\u00eancias","indexacao":"INCLUI no Calend\u00e1rio Oficial da Cidade de Manaus/AM o \u201cDia do Esporte Paral\u00edmpico\u201d e d\u00e1 outras provid\u00eancias","observacao":"DELIBERA\u00c7\u00c3O: 18/04/2022. \r\nEm 18/04/2022: Segue para an\u00e1lise e emiss\u00e3o de parecer da 2a. CCJR.\r\nProcuradoria: 20/04/2022 - 28/04/2022\r\n2\u00aa CCJR: Relator: Ver. Joelson Silva - (27/06/2022 - 05/07/2022). Aprovado o parecer favor\u00e1vel pela totalidade dos presentes na reuni\u00e3o do dia 13/12/2022.\r\nNo PLEN\u00c1RIO: Na reuni\u00e3o ordin\u00e1ria do dia 15/12/2022, foi aprovado o parecer favor\u00e1vel da 2\u00aa Comiss\u00e3o. Projeto encaminhado \u00e0 23\u00aa Comiss\u00e3o para an\u00e1lise e emiss\u00e3o de parecer.\r\n3\u00aa CFEO - Relator: Ver. Marcel Alexandre (14.02.23 a 02.03.23). Aprovado o parecer favor\u00e1vel pela totalidade dos presentes \u00e0 reuni\u00e3o da CFEO.\r\nNo PLEN\u00c1RIO: Na reuni\u00e3o ordin\u00e1ria do dia 27/03/2023, o projeto entrou em pauta para aprova\u00e7\u00e3o do parecer favor\u00e1vel da 3\u00aa Comiss\u00e3o, mas n\u00e3o foi apreciado devido \u00e0 aus\u00eancia do autor. Aguarda pr\u00f3xima inclus\u00e3o em pauta.\r\nNo PLEN\u00c1RIO: Na reuni\u00e3o ordin\u00e1ria do dia 03/04/2023, foi aprovado o parecer favor\u00e1vel da 3\u00aa Comiss\u00e3o. Projeto encaminhado \u00e0 17\u00aa Comiss\u00e3o para an\u00e1lise e emiss\u00e3o de parecer.\r\n17\u00aa COMESP - Relator: Vereador: Wallace Oliveira (04.04.2023 - 11.04.23). Aprovado o parecer favor\u00e1vel pela totalidade dos presentes na reuni\u00e3o extraordin\u00e1ria da 17\u00aaCOMESP, realizada no dia 29.05.2023\r\nNo PLEN\u00c1RIO: Na reuni\u00e3o ordin\u00e1ria do dia 07/06/2023, foi aprovado o parecer favor\u00e1vel da 17\u00aa Comiss\u00e3o. Projeto encaminhado \u00e0 23\u00aa Comiss\u00e3o para an\u00e1lise e emiss\u00e3o de parecer.\r\n23\u00aa COMPCD - Relator: Ver. Raiff Matos (13/06/2023 a 21/06/2023). Parecer FAvor\u00e1vel.  Aprovado o parecer favor\u00e1vel, pela totalidade dos presentes, na reuni\u00e3o extraordin\u00e1ria do dia 03/10/2023.\r\nNo PLEN\u00c1RIO: Na 1\u00aa reuni\u00e3o extraordin\u00e1ria do dia 07/02/2024, foi aprovado o parecer favor\u00e1vel da 23\u00aa Comiss\u00e3o. Projeto aprovado em 1a. discuss\u00e3o. Aguardando 2a. discuss\u00e3o na forma da lei.\r\nNo PLEN\u00c1RIO: Na reuni\u00e3o ordin\u00e1ria do dia 19/02/2024, o projeto foi APROVADO em 2\u00aa. discuss\u00e3o. Segue \u00e0 SAN\u00c7\u00c3O do senhor Prefeito.","resultado":"","texto_original":"http://sapl.cmm.am.gov.br/media/sapl/public/materialegislativa/2021/14371/pl_679_2021_ver_allan_campelo_dia_esporte_paralimpico.pdf","data_ultima_atualizacao":"2024-05-28T09:42:41.135333-04:00","ip":"172.23.5.67","ultima_edicao":"2024-02-19T17:17:56.413269-04:00","tipo":4,"regime_tramitacao":1,"tipo_origem_externa":null,"local_origem_externa":null,"user":13,"anexadas":[],"autores":[133,140,137,60,141,22,143,144,27,148,135,31,149,46,41,47,50,154,155]}