{"id":13704,"__str__":"Projeto de Lei n\u00ba 645 de 2021","metadata":{},"numero":645,"ano":2021,"numero_protocolo":9715,"data_apresentacao":"2021-12-01","tipo_apresentacao":"E","data_publicacao":null,"numero_origem_externa":"","ano_origem_externa":2021,"data_origem_externa":null,"apelido":"","dias_prazo":null,"data_fim_prazo":null,"em_tramitacao":false,"polemica":null,"objeto":"","complementar":null,"ementa":"Institui sistema de prote\u00e7\u00e3o, respeito e cuidado aos pais de natimortos e com \u00f3bito fetal nas unidades de sa\u00fade credenciadas no Sistema \u00danico de Sa\u00fade - SUS e da rede privada do munic\u00edpio de Manaus e d\u00e1 outras provid\u00eancias.","indexacao":"Institui sistema de prote\u00e7\u00e3o, respeito e cuidado aos pais de natimortos e com \u00f3bito fetal nas unidades de sa\u00fade credenciadas no Sistema \u00danico de Sa\u00fade - SUS e da rede privada do munic\u00edpio de Manaus e d\u00e1 outras provid\u00eancias.","observacao":"DELIBERA\u00c7\u00c3O: 23/03/2022. \r\nEm 23/03/2022: Segue para an\u00e1lise e emiss\u00e3o de parecer da 2a. CCJR.\r\nProcuradoria (29/03/2022 - 05/04/2022).\r\n2\u00aa CCJR - Relator: Ver \u00aa. Thaysa Lippy  (20/06/2022 - 29/06/2022).\r\nEm 24/04/2023: Propositura arquivada. Vereador Amom Mandel, autor da propositura, renunciou ao cargo de vereador no dia 26/01/2023 para assumir o mandato de deputado federal.\r\nProposi\u00e7\u00e3o Arquivada.","resultado":"","texto_original":"http://sapl.cmm.am.gov.br/media/sapl/public/materialegislativa/2021/13704/pl_645_2021_amom_mandel_sistema_de_protecao_aos_pais_de_natimortos.pdf","data_ultima_atualizacao":"2023-05-09T13:17:48.806380-04:00","ip":"172.17.0.1","ultima_edicao":"2023-05-09T13:17:22.575727-04:00","tipo":4,"regime_tramitacao":1,"tipo_origem_externa":4,"local_origem_externa":null,"user":101,"anexadas":[],"autores":[134]}