{"id":12498,"__str__":"Projeto de Lei n\u00ba 576 de 2021","metadata":{},"numero":576,"ano":2021,"numero_protocolo":8530,"data_apresentacao":"2021-10-21","tipo_apresentacao":"E","data_publicacao":null,"numero_origem_externa":"","ano_origem_externa":2021,"data_origem_externa":null,"apelido":"","dias_prazo":null,"data_fim_prazo":null,"em_tramitacao":false,"polemica":null,"objeto":"","complementar":null,"ementa":"INSTITUI o dia 01 de dezembro como o Dia Municipal do Ve\u00edculo de Comunica\u00e7\u00e3o Digital \u2013 portais de not\u00edcias e blogs.","indexacao":"INSTITUI o dia 01 de dezembro como o Dia Municipal do Ve\u00edculo de Comunica\u00e7\u00e3o Digital \u2013 portais de not\u00edcias e blogs.","observacao":"DELIBERA\u00c7\u00c3O: 25/10/2021.\r\nEm 25/10/2021: Segue para an\u00e1lise e emiss\u00e3o de parecer da 2a. CCJR.\r\nProcuradoria: 26/10/2021 - 04/11/2021\r\n2\u00aa CCJR-RELATOR: Ver. Caio Andr\u00e9 (08/11/2021 - 16/11/2021). Aprovado o parecer favor\u00e1vel pela totalidade dos presentes, \u00e0 reuni\u00e3o do dia 16/05/2022.\r\nNo PLEN\u00c1RIO: Na reuni\u00e3o ordin\u00e1ria do dia 18/05/2022, foi aprovado o parecer favor\u00e1vel da 2\u00aa Comiss\u00e3o. Projeto aprovado em 1a. discuss\u00e3o. Aguardando 2a. discuss\u00e3o na forma da lei.\r\nNo PLEN\u00c1RIO: Na reuni\u00e3o ordin\u00e1ria do dia 23/05/2022, o projeto foi APROVADO em 2\u00aa. discuss\u00e3o. Segue \u00e0 SAN\u00c7\u00c3O do senhor Prefeito.","resultado":"","texto_original":"http://sapl.cmm.am.gov.br/media/sapl/public/materialegislativa/2021/12498/pl_576_2021_jaildo_oliveira_dia_do_veiculo_de_comunicacao.pdf","data_ultima_atualizacao":"2024-06-11T10:47:24.213016-04:00","ip":"172.23.5.67","ultima_edicao":"2022-05-23T16:01:26.077694-04:00","tipo":4,"regime_tramitacao":1,"tipo_origem_externa":4,"local_origem_externa":null,"user":13,"anexadas":[],"autores":[22]}