{"id":11830,"__str__":"Projeto de Lei n\u00ba 547 de 2021","metadata":{},"numero":547,"ano":2021,"numero_protocolo":7872,"data_apresentacao":"2021-09-30","tipo_apresentacao":"E","data_publicacao":null,"numero_origem_externa":"","ano_origem_externa":2021,"data_origem_externa":null,"apelido":"","dias_prazo":null,"data_fim_prazo":null,"em_tramitacao":false,"polemica":null,"objeto":"","complementar":null,"ementa":"INCLUI no Calend\u00e1rio Oficial da Cidade de Manaus, o dia da Toada de Boi-Bumb\u00e1 a ser comemorado em 01 de junho e d\u00e1 outras provid\u00eancias.","indexacao":"INCLUI no Calend\u00e1rio Oficial da Cidade de Manaus, o dia da Toada de Boi-Bumb\u00e1 a ser comemorado em 01 de junho e d\u00e1 outras provid\u00eancias.","observacao":"DELIBERA\u00c7\u00c3O: 07/03/2022.\r\nEm 07/03/2022: Segue para an\u00e1lise e emiss\u00e3o de parecer da 2a. CCJR.\r\nProcuradoria: 08/03/2022 - 15/03/2022\r\nRetirado de tramita\u00e7\u00e3o pelo autor, por meio do memo n. 009/2022 -GVRF","resultado":"","texto_original":"http://sapl.cmm.am.gov.br/media/sapl/public/materialegislativa/2021/11830/pl_547_2021_raiff_matos_dia_da_toada_de_boi-bumba.pdf","data_ultima_atualizacao":"2023-07-04T11:44:11.465517-04:00","ip":"172.23.0.190","ultima_edicao":"2022-03-15T08:38:06.410692-04:00","tipo":4,"regime_tramitacao":1,"tipo_origem_externa":4,"local_origem_externa":null,"user":15,"anexadas":[],"autores":[149]}