{"id":11820,"__str__":"Projeto de Lei n\u00ba 546 de 2021","metadata":{},"numero":546,"ano":2021,"numero_protocolo":7862,"data_apresentacao":"2021-09-29","tipo_apresentacao":"E","data_publicacao":null,"numero_origem_externa":"","ano_origem_externa":2021,"data_origem_externa":null,"apelido":"","dias_prazo":null,"data_fim_prazo":null,"em_tramitacao":false,"polemica":null,"objeto":"","complementar":null,"ementa":"Institui pol\u00edtica municipal de incentivo e fomento para a cria\u00e7\u00e3o de Cooperativas de Trabalho no Munic\u00edpio de Manaus, de modo a combater os nefastos impactos da pandemia do Covid \u2013 19, nos postos de trabalho, e, por conseguinte no sustento das fam\u00edlias.","indexacao":"Institui pol\u00edtica municipal de incentivo e fomento para a cria\u00e7\u00e3o de Cooperativas de Trabalho no Munic\u00edpio de Manaus, de modo a combater os nefastos impactos da pandemia do Covid \u2013 19, nos postos de trabalho, e, por conseguinte no sustento das fam\u00edlias.","observacao":"DELIBERA\u00c7\u00c3O: 14/02/2022. \r\nEm 14/02/2022: Segue para an\u00e1lise e emiss\u00e3o de parecer da 2a. CCJR.\r\nProcuradoria Legislativa: (15/02/2022 - 22/02/2022)\r\n2\u00aa CCJR: Relator(a): Ver. \u00aa Prof.\u00aa Jacqueline (21/02/2022 - 08/03/2022). Aprovado o parecer contr\u00e1rio do relator, pela totalidade dos presentes, na reuni\u00e3o do dia 07/11/2022\r\nPara conhecimento dos vereadores, conforme par\u00e1grafo 1\u00ba do art. 38, do Regimento Interno.\r\nNo PLEN\u00c1RIO: Na reuni\u00e3o ordin\u00e1ria do dia 03/07/2023, foi feita a leitura do despacho do Presidente da C\u00e2mara determinando o arquivamento da mat\u00e9ria, conforme par\u00e1grafo 1\u00ba do art. 38, do Regimento Interno, por ter recebido parecer CONTR\u00c1RIO da 2a. Comiss\u00e3o. Aberto o prazo regimental de 5 dias \u00fateis para recurso. Prazo: 03/07/2023 a 07/07/2023.\r\nEm 08/07/2023: Decorrido o prazo do parag. 1\u00ba do art. 38 do Regimento Interno. \r\nProposi\u00e7\u00e3o ARQUIVADA.","resultado":"","texto_original":"http://sapl.cmm.am.gov.br/media/sapl/public/materialegislativa/2021/11820/pl_546_2021_diego_afonso_institui_politica_.pdf","data_ultima_atualizacao":"2023-07-19T10:42:45.220407-04:00","ip":"172.17.0.1","ultima_edicao":"2023-07-19T10:42:27.465568-04:00","tipo":4,"regime_tramitacao":1,"tipo_origem_externa":5,"local_origem_externa":null,"user":90,"anexadas":[],"autores":[13]}