{"id":11073,"__str__":"Projeto de Lei n\u00ba 516 de 2021","metadata":{},"numero":516,"ano":2021,"numero_protocolo":7137,"data_apresentacao":"2021-09-10","tipo_apresentacao":"E","data_publicacao":null,"numero_origem_externa":"","ano_origem_externa":2021,"data_origem_externa":null,"apelido":"","dias_prazo":null,"data_fim_prazo":null,"em_tramitacao":false,"polemica":null,"objeto":"","complementar":null,"ementa":"ESTABELECE as condi\u00e7\u00f5es de fornecimento e suspens\u00e3o dos servi\u00e7os de energia el\u00e9trica, \u00e1gua e telecomunica\u00e7\u00f5es por empresas p\u00fablicas e privadas no \u00e2mbito do munic\u00edpio de Manaus, e d\u00e1 outras provid\u00eancias.","indexacao":"ESTABELECE as condi\u00e7\u00f5es de fornecimento e suspens\u00e3o dos servi\u00e7os de energia el\u00e9trica, \u00e1gua e telecomunica\u00e7\u00f5es por empresas p\u00fablicas e privadas no \u00e2mbito do munic\u00edpio de Manaus, e d\u00e1 outras provid\u00eancias.","observacao":"DELIBERA\u00c7\u00c3O: 15/09/2021.\r\nEm 15/09/2021: Segue para an\u00e1lise e emiss\u00e3o de parecer da 2a. CCJR.\r\nProcuradoria: (20/09/2021 - 27/09/2021)\r\n2\u00b0 CCJR - Relator: Ver. Dr. Eduardo Assis (28/09/2021 - 06/10/2021). Aprovado o parecer favor\u00e1vel pela totalidade dos presentes, na reuni\u00e3o presencial do dia 24/11/2021.\r\nNo PLEN\u00c1RIO: Na reuni\u00e3o ordin\u00e1ria do dia 29/11/2021, foi aprovado o parecer favor\u00e1vel da 2\u00aa Comiss\u00e3o. Projeto encaminhado \u00e0 3\u00aa Comiss\u00e3o para an\u00e1lise e emiss\u00e3o de parecer.\r\n3\u00aa CFEO - RELATOR: VER. JANDER LOBATO - PARECER FAVOR\u00c1VEL. Aprovado o parecer FAVOR\u00c1VEL pela TOTALIDADE dos presentes, na Reuni\u00e3o\r\nExtraordin\u00e1ria Virtual do dia 14/12/2021.\r\nNo PLEN\u00c1RIO: Na reuni\u00e3o ordin\u00e1ria do dia 07/02/2022, o projeto entrou em pauta para aprova\u00e7\u00e3o do parecer da 3\u00aa Comiss\u00e3o. Vota\u00e7\u00e3o suspensa por pedido de vista ao projeto concedido, simultaneamente, aos Vereadores AMOM, PEIXOTO e ROSIVALDO CORDOVIL.\r\nEm 21/02/2022: Projeto devolvido \u00e0 Divis\u00e3o de Apoio ao Plen\u00e1rio sem parecer de vista. Aguardando inclus\u00e3o na Ordem do Dia.\r\nEm 21/03/2022: Propositura sobrestada, aguardando a elabora\u00e7\u00e3o de Projeto Substitutivo a ser encaminhado pela 2a. Comiss\u00e3o.\r\n\r\n*PEDIDO DE VISTA:\r\n1\u00ba pedido: Ver. AMOM (Prazo: 07 a 09/02/2022)\r\n2\u00ba pedido: Ver. PEIXOTO (Prazo: 07 a 09/02/2022)\r\n3\u00ba pedido: Ver. ROSIVALDO CORDOVIL (Prazo: 07 a 09/02/2022)\r\nMat\u00e9ria retirada de tramita\u00e7\u00e3o pelo autor por meio do  memorando n 0100/23\r\nVereador Jo\u00e3o Carlos, 27 de novembro de 2023.\r\nMAT\u00c9RIA ARQUIVADA","resultado":"","texto_original":"http://sapl.cmm.am.gov.br/media/sapl/public/materialegislativa/2021/11073/pl_516_2021_joao_carlos_energia_agua_e_telecomunicacao.pdf","data_ultima_atualizacao":"2023-11-28T10:36:24.230982-04:00","ip":"172.17.0.1","ultima_edicao":"2023-11-28T10:30:59.825355-04:00","tipo":4,"regime_tramitacao":1,"tipo_origem_externa":4,"local_origem_externa":null,"user":96,"anexadas":[],"autores":[143]}