{"id":11056,"__str__":"Projeto de Lei n\u00ba 511 de 2021","metadata":{},"numero":511,"ano":2021,"numero_protocolo":7120,"data_apresentacao":"2021-09-03","tipo_apresentacao":"E","data_publicacao":null,"numero_origem_externa":"","ano_origem_externa":2021,"data_origem_externa":null,"apelido":"","dias_prazo":null,"data_fim_prazo":null,"em_tramitacao":false,"polemica":null,"objeto":"","complementar":null,"ementa":"\u201cTorna obrigat\u00f3rio a disponibiliza\u00e7\u00e3o no site da Prefeitura de Manaus, a vers\u00e3o final do Di\u00e1rio Oficial do Munic\u00edpio com validade para todos os fins oficiais,  e d\u00e1 outras provid\u00eancias\u201d","indexacao":"\u201cTorna obrigat\u00f3rio a disponibiliza\u00e7\u00e3o no site da Prefeitura de Manaus, a vers\u00e3o final do Di\u00e1rio Oficial do Munic\u00edpio com validade para todos os fins oficiais,  e d\u00e1 outras provid\u00eancias\u201d","observacao":"DELIBERA\u00c7\u00c3O: 17/11/2021.\r\nEm 17/11/2021: Segue para an\u00e1lise e emiss\u00e3o de parecer da 2a. CCJR.\r\nProcuradoria: 18.11.2021 -  25.11.2021\r\n2\u00aa CCJR: Relator: Ver\u00aa. Thaysa Lippy ( 08/02/2022-16/02/2022).\r\nEm 03/03/2023: Propositura arquivada. Vereador Amom Mandel, autor da propositura, renunciou ao cargo de vereador no dia 26/01/2023 para assumir o mandato de deputado federal.\r\nProposi\u00e7\u00e3o Arquivada.","resultado":"","texto_original":"http://sapl.cmm.am.gov.br/media/sapl/public/materialegislativa/2021/11056/pl_511_2021_amom_mandel_diario_oficial___.pdf","data_ultima_atualizacao":"2023-03-29T10:01:58.575520-04:00","ip":"172.17.0.1","ultima_edicao":"2023-03-05T18:57:12.702698-04:00","tipo":4,"regime_tramitacao":1,"tipo_origem_externa":4,"local_origem_externa":null,"user":101,"anexadas":[],"autores":[134]}