{"id":11053,"__str__":"Projeto de Lei n\u00ba 508 de 2021","metadata":{},"numero":508,"ano":2021,"numero_protocolo":7117,"data_apresentacao":"2021-09-02","tipo_apresentacao":"E","data_publicacao":null,"numero_origem_externa":"","ano_origem_externa":2021,"data_origem_externa":null,"apelido":"","dias_prazo":null,"data_fim_prazo":null,"em_tramitacao":false,"polemica":null,"objeto":"","complementar":null,"ementa":"Institui a Pol\u00edtica de Transpar\u00eancia em rela\u00e7\u00e3o ao Imposto Predial e Territorial Urbano \u2013 IPTU, e d\u00e1 outras provid\u00eancias.","indexacao":"Institui a Pol\u00edtica de Transpar\u00eancia em rela\u00e7\u00e3o ao Imposto Predial e Territorial Urbano \u2013 IPTU, e d\u00e1 outras provid\u00eancias.","observacao":"DELIBERA\u00c7\u00c3O: 16/03/2022. \r\nEm 16/03/2022: Segue para an\u00e1lise e emiss\u00e3o de parecer da 2a. CCJR.\r\nProcuradoria Legislativa: 17/03/2022 - 24/03/2022\r\nPara an\u00e1lise e emiss\u00e3o de parecer da comiss\u00e3o.\r\nProposi\u00e7\u00e3o arquivada.\r\nEm:24/02/2023: Propositura arquivada. Vereador Amom Mandel, autor da propositura, renunciou ao cargo de vereador no dia 26/01/2023 para assumir o mandato de deputado federal.","resultado":"","texto_original":"http://sapl.cmm.am.gov.br/media/sapl/public/materialegislativa/2021/11053/pl_508_2021_amom_mandel_institui_a_politica_de_transparencia_em_relacao_ao_iptu.pdf","data_ultima_atualizacao":"2023-03-17T13:03:15.432289-04:00","ip":"172.17.0.1","ultima_edicao":"2023-02-24T11:03:05.029159-04:00","tipo":4,"regime_tramitacao":1,"tipo_origem_externa":4,"local_origem_externa":null,"user":101,"anexadas":[],"autores":[134]}